{"id":2230,"date":"2022-04-04T17:06:52","date_gmt":"2022-04-04T15:06:52","guid":{"rendered":"http:\/\/afb26.org\/?p=2230"},"modified":"2023-06-16T11:38:33","modified_gmt":"2023-06-16T09:38:33","slug":"ukraine-appel-a-benevoles","status":"publish","type":"post","link":"https:\/\/afb26.org\/?p=2230","title":{"rendered":"UKRAINE : Appel \u00e0 b\u00e9n\u00e9voles"},"content":{"rendered":"\n<div class=\"wp-block-media-text alignwide is-stacked-on-mobile\"><figure class=\"wp-block-media-text__media\"><img loading=\"lazy\" decoding=\"async\" width=\"1024\" height=\"723\" src=\"https:\/\/afb26.org\/wp-content\/uploads\/2022\/04\/Appel-a-benevoles.png\" alt=\"\" class=\"wp-image-2231 size-full\" srcset=\"https:\/\/afb26.org\/wp-content\/uploads\/2022\/04\/Appel-a-benevoles.png 1024w, https:\/\/afb26.org\/wp-content\/uploads\/2022\/04\/Appel-a-benevoles-300x212.png 300w, https:\/\/afb26.org\/wp-content\/uploads\/2022\/04\/Appel-a-benevoles-768x542.png 768w\" sizes=\"auto, (max-width: 1024px) 100vw, 1024px\" \/><\/figure><div class=\"wp-block-media-text__content\">\n<p>L&#8217;Association familiale des Baronnies organise depuis quasiment 40 ann\u00e9es des ateliers d&#8217;apprentissage de la langue fran\u00e7aise et d&#8217;alphab\u00e9tisation.<\/p>\n\n\n\n<p>Aujourd&#8217;hui, de nombreuses personnes arrivant d&#8217;Ukraine souhaitent vivement y participer, et face \u00e0&nbsp;cette situation relativement in\u00e9dite,&nbsp;nous avons besoin de pouvoir compter sur davantage de b\u00e9n\u00e9voles afin d&#8217;assurer un service de qualit\u00e9 et r\u00e9pondre \u00e0 toutes ces demandes.<\/p>\n\n\n\n<p>Si vous avez un peu de temps, et l&#8217;envie de transmettre, expliquer, accompagner, vous pouvez contacter l&#8217;association qui vous guidera dans cette d\u00e9marche et pourra vous proposer des formations.&nbsp;<\/p>\n\n\n\n<p>Nous avons besoin de vous!<\/p>\n\n\n\n<p>(Contact: Emilie &#8211; 06 73 65 51 17)<\/p>\n<\/div><\/div>\n","protected":false},"excerpt":{"rendered":"<p>L&#8217;Association familiale des Baronnies organise depuis quasiment 40 ann\u00e9es des ateliers d&#8217;apprentissage de la langue fran\u00e7aise et d&#8217;alphab\u00e9tisation. Aujourd&#8217;hui, de nombreuses personnes arrivant d&#8217;Ukraine souhaitent vivement y participer, et face \u00e0&nbsp;cette situation relativement in\u00e9dite,&nbsp;nous avons besoin de pouvoir compter sur davantage de b\u00e9n\u00e9voles afin d&#8217;assurer un service de qualit\u00e9 et r\u00e9pondre \u00e0 toutes ces demandes. &hellip;<\/p>\n","protected":false},"author":5,"featured_media":2232,"comment_status":"closed","ping_status":"closed","sticky":false,"template":"","format":"standard","meta":{"footnotes":""},"categories":[26],"tags":[],"class_list":["post-2230","post","type-post","status-publish","format-standard","has-post-thumbnail","hentry","category-archives-actualites-alpha"],"_links":{"self":[{"href":"https:\/\/afb26.org\/index.php?rest_route=\/wp\/v2\/posts\/2230","targetHints":{"allow":["GET"]}}],"collection":[{"href":"https:\/\/afb26.org\/index.php?rest_route=\/wp\/v2\/posts"}],"about":[{"href":"https:\/\/afb26.org\/index.php?rest_route=\/wp\/v2\/types\/post"}],"author":[{"embeddable":true,"href":"https:\/\/afb26.org\/index.php?rest_route=\/wp\/v2\/users\/5"}],"replies":[{"embeddable":true,"href":"https:\/\/afb26.org\/index.php?rest_route=%2Fwp%2Fv2%2Fcomments&post=2230"}],"version-history":[{"count":1,"href":"https:\/\/afb26.org\/index.php?rest_route=\/wp\/v2\/posts\/2230\/revisions"}],"predecessor-version":[{"id":2233,"href":"https:\/\/afb26.org\/index.php?rest_route=\/wp\/v2\/posts\/2230\/revisions\/2233"}],"wp:featuredmedia":[{"embeddable":true,"href":"https:\/\/afb26.org\/index.php?rest_route=\/wp\/v2\/media\/2232"}],"wp:attachment":[{"href":"https:\/\/afb26.org\/index.php?rest_route=%2Fwp%2Fv2%2Fmedia&parent=2230"}],"wp:term":[{"taxonomy":"category","embeddable":true,"href":"https:\/\/afb26.org\/index.php?rest_route=%2Fwp%2Fv2%2Fcategories&post=2230"},{"taxonomy":"post_tag","embeddable":true,"href":"https:\/\/afb26.org\/index.php?rest_route=%2Fwp%2Fv2%2Ftags&post=2230"}],"curies":[{"name":"wp","href":"https:\/\/api.w.org\/{rel}","templated":true}]}}