{"id":2310,"date":"2022-04-13T16:35:08","date_gmt":"2022-04-13T14:35:08","guid":{"rendered":"http:\/\/afb26.org\/?p=2310"},"modified":"2023-06-16T11:37:55","modified_gmt":"2023-06-16T09:37:55","slug":"bonne-nouvelle","status":"publish","type":"post","link":"https:\/\/afb26.org\/?p=2310","title":{"rendered":"Bonne Nouvelle !!"},"content":{"rendered":"\n<div class=\"wp-block-media-text alignwide is-stacked-on-mobile has-suki-color-8-background-color has-background\" style=\"grid-template-columns:35% auto\"><figure class=\"wp-block-media-text__media\"><img loading=\"lazy\" decoding=\"async\" width=\"1810\" height=\"2560\" src=\"https:\/\/afb26.org\/wp-content\/uploads\/2022\/04\/Trombi-Logo-CS-1-scaled.jpg\" alt=\"\" class=\"wp-image-2312 size-full\" srcset=\"https:\/\/afb26.org\/wp-content\/uploads\/2022\/04\/Trombi-Logo-CS-1-scaled.jpg 1810w, https:\/\/afb26.org\/wp-content\/uploads\/2022\/04\/Trombi-Logo-CS-1-212x300.jpg 212w, https:\/\/afb26.org\/wp-content\/uploads\/2022\/04\/Trombi-Logo-CS-1-724x1024.jpg 724w, https:\/\/afb26.org\/wp-content\/uploads\/2022\/04\/Trombi-Logo-CS-1-768x1086.jpg 768w, https:\/\/afb26.org\/wp-content\/uploads\/2022\/04\/Trombi-Logo-CS-1-1086x1536.jpg 1086w\" sizes=\"auto, (max-width: 1810px) 100vw, 1810px\" \/><\/figure><div class=\"wp-block-media-text__content\">\n<p class=\"has-text-align-center has-suki-color-2-color has-text-color has-large-font-size\"><strong>Toute l&#8217;\u00e9quipe de l&#8217;AFB est tr\u00e8s fi\u00e8re de vous annoncer que le Conseil d&#8217;administration de la CAF de la Dr\u00f4me a valid\u00e9 le nouveau projet social !! <\/strong><\/p>\n\n\n\n<p>Nous sommes donc officiellement labellis\u00e9 <strong>Centre Social<\/strong>, pour les 4 ann\u00e9es \u00e0 venir.<\/p>\n\n\n\n<p>C&#8217;est le fruit d&#8217;un travail d&#8217;\u00e9quipe de plusieurs ann\u00e9es, donc bravo \u00e0 tout le monde pour votre investissement, merci \u00e0 tous les habitants du territoire pour leur participation et belle vie \u00e0 notre Centre Social !<\/p>\n\n\n\n<p>Le Centre Social est un lieu ouvert \u00e0 tous, nous sommes \u00e0 l&#8217;\u00e9coute pour vous informer, vous aider et vous accompagner dans vos projets.<\/p>\n\n\n\n<p>Le projet Social <a href=\"https:\/\/afb26.org\/?page_id=1018\" data-type=\"URL\" data-id=\"https:\/\/afb26.org\/?page_id=1018\">ici<\/a><\/p>\n\n\n\n<p>Ce que nous faisons<a href=\"https:\/\/afb26.org\/?page_id=62\" data-type=\"URL\" data-id=\"https:\/\/afb26.org\/?page_id=62\"> ici<\/a><\/p>\n<\/div><\/div>\n\n\n\n<div class=\"wp-block-media-text alignwide is-stacked-on-mobile has-suki-color-8-background-color has-background\" style=\"grid-template-columns:21% auto\"><figure class=\"wp-block-media-text__media\"><img loading=\"lazy\" decoding=\"async\" width=\"255\" height=\"198\" src=\"https:\/\/afb26.org\/wp-content\/uploads\/2022\/04\/Image2.png\" alt=\"\" class=\"wp-image-2321 size-full\"\/><\/figure><div class=\"wp-block-media-text__content\">\n<p class=\"has-large-font-size\">Un centre social c&#8217;est quoi ?<\/p>\n\n\n\n<p>Partout, en France, les centres <strong>sociaux<\/strong> sont des structures de proximit\u00e9 ouvertes \u00e0 l&#8217;ensemble des habitants, offrant accueil, animation, activit\u00e9 et services \u00e0 finalit\u00e9s sociales. <\/p>\n\n\n\n<p>S&#8217;inspirant des valeurs de dignit\u00e9, solidarit\u00e9 et d\u00e9mocratie, le centre social est un lieu d&#8217;initiatives, d&#8217;\u00e9changes et de rencontres. Il accompagne des mobilisations et des projets d&#8217;habitant.e.s, et construit de meilleures conditions de vie, aujourd&#8217;hui et pour demain. <\/p>\n\n\n\n<p>Surtout, tout cela est construit et port\u00e9 par des habitant.e.s.<\/p>\n\n\n\n<p><strong>Le Centre Social c&#8217;est vous !<\/strong><\/p>\n<\/div><\/div>\n\n\n\n<div class=\"wp-block-media-text alignwide has-media-on-the-right is-stacked-on-mobile has-suki-color-8-background-color has-background\" style=\"grid-template-columns:auto 27%\"><figure class=\"wp-block-media-text__media\"><img loading=\"lazy\" decoding=\"async\" width=\"273\" height=\"185\" src=\"https:\/\/afb26.org\/wp-content\/uploads\/2022\/04\/Image1.png\" alt=\"\" class=\"wp-image-2322 size-full\"\/><\/figure><div class=\"wp-block-media-text__content\">\n<p class=\"has-large-font-size\">Et dans quel but ?<\/p>\n\n\n\n<p class=\"has-regular-font-size\">C&#8217;est une structure \u00e0 vocation sociale globale, familiale et pluri-g\u00e9n\u00e9rationnelle ouverte \u00e0 l&#8217;ensemble de la population habitant sur le territoire.<\/p>\n\n\n\n<p> Il offre et propose accueil, animation, activit\u00e9s et services \u00e0 vocation \u00e9ducative, sociale et culturelle.<\/p>\n\n\n\n<p>Il  prend en compte l&#8217;expression des demandes et des initiatives des usagers et des habitants, et favorise la vie sociale et la vie associative.<\/p>\n<\/div><\/div>\n\n\n\n<p>Pour en savoir plus : <\/p>\n\n\n\n<figure class=\"wp-block-embed is-type-wp-embed is-provider-federation-des-centres-sociaux-et-socioculturels-de-france wp-block-embed-federation-des-centres-sociaux-et-socioculturels-de-france\"><div class=\"wp-block-embed__wrapper\">\nhttps:\/\/www.centres-sociaux.fr\/quest-ce-quun-centre-social\/\n<\/div><\/figure>\n\n\n\n<p><a href=\"https:\/\/www.caf.fr\/partenaires\/solidarite-et-soutien-financier\/centre-social-et-espace-de-vie-sociale\">https:\/\/www.caf.fr\/partenaires\/solidarite-et-soutien-financier\/centre-social-et-espace-de-vie-sociale<\/a><\/p>\n\n\n\n<p><a href=\"https:\/\/www.caf.fr\/allocataires\/vies-de-famille\/elever-ses-enfants\/acces-aux-loisirs\/centres-sociaux-des-lieux-pleins-de-ressources\">https:\/\/www.caf.fr\/allocataires\/vies-de-famille\/elever-ses-enfants\/acces-aux-loisirs\/centres-sociaux-des-lieux-pleins-de-ressources<\/a><\/p>\n","protected":false},"excerpt":{"rendered":"<p>Toute l&#8217;\u00e9quipe de l&#8217;AFB est tr\u00e8s fi\u00e8re de vous annoncer que le Conseil d&#8217;administration de la CAF de la Dr\u00f4me a valid\u00e9 le nouveau projet social !! Nous sommes donc officiellement labellis\u00e9 Centre Social, pour les 4 ann\u00e9es \u00e0 venir. C&#8217;est le fruit d&#8217;un travail d&#8217;\u00e9quipe de plusieurs ann\u00e9es, donc bravo \u00e0 tout le monde &hellip;<\/p>\n","protected":false},"author":8,"featured_media":2312,"comment_status":"closed","ping_status":"closed","sticky":true,"template":"","format":"standard","meta":{"footnotes":""},"categories":[31,10],"tags":[36,34,35],"class_list":["post-2310","post","type-post","status-publish","format-standard","has-post-thumbnail","hentry","category-archives-actualites-projet-social","category-projet-social","tag-baronnies","tag-centre-social","tag-habitants"],"_links":{"self":[{"href":"https:\/\/afb26.org\/index.php?rest_route=\/wp\/v2\/posts\/2310","targetHints":{"allow":["GET"]}}],"collection":[{"href":"https:\/\/afb26.org\/index.php?rest_route=\/wp\/v2\/posts"}],"about":[{"href":"https:\/\/afb26.org\/index.php?rest_route=\/wp\/v2\/types\/post"}],"author":[{"embeddable":true,"href":"https:\/\/afb26.org\/index.php?rest_route=\/wp\/v2\/users\/8"}],"replies":[{"embeddable":true,"href":"https:\/\/afb26.org\/index.php?rest_route=%2Fwp%2Fv2%2Fcomments&post=2310"}],"version-history":[{"count":14,"href":"https:\/\/afb26.org\/index.php?rest_route=\/wp\/v2\/posts\/2310\/revisions"}],"predecessor-version":[{"id":2433,"href":"https:\/\/afb26.org\/index.php?rest_route=\/wp\/v2\/posts\/2310\/revisions\/2433"}],"wp:featuredmedia":[{"embeddable":true,"href":"https:\/\/afb26.org\/index.php?rest_route=\/wp\/v2\/media\/2312"}],"wp:attachment":[{"href":"https:\/\/afb26.org\/index.php?rest_route=%2Fwp%2Fv2%2Fmedia&parent=2310"}],"wp:term":[{"taxonomy":"category","embeddable":true,"href":"https:\/\/afb26.org\/index.php?rest_route=%2Fwp%2Fv2%2Fcategories&post=2310"},{"taxonomy":"post_tag","embeddable":true,"href":"https:\/\/afb26.org\/index.php?rest_route=%2Fwp%2Fv2%2Ftags&post=2310"}],"curies":[{"name":"wp","href":"https:\/\/api.w.org\/{rel}","templated":true}]}}