{"id":2392,"date":"2022-04-19T10:19:40","date_gmt":"2022-04-19T08:19:40","guid":{"rendered":"http:\/\/afb26.org\/?p=2392"},"modified":"2023-06-16T11:38:40","modified_gmt":"2023-06-16T09:38:40","slug":"mobilite-pour-les-associations-sportives","status":"publish","type":"post","link":"https:\/\/afb26.org\/?p=2392","title":{"rendered":"Mobilit\u00e9 pour les associations sportives"},"content":{"rendered":"\n<h2 class=\"wp-block-heading\">Comment acqu\u00e9rir un minibus pour le transport des jeunes licenci\u00e9s ?<\/h2>\n\n\n\n<div class=\"wp-block-media-text alignwide is-stacked-on-mobile\" style=\"grid-template-columns:34% auto\"><figure class=\"wp-block-media-text__media\"><img loading=\"lazy\" decoding=\"async\" width=\"226\" height=\"226\" src=\"https:\/\/afb26.org\/wp-content\/uploads\/2022\/04\/OIP.jpg\" alt=\"\" class=\"wp-image-2394 size-full\" srcset=\"https:\/\/afb26.org\/wp-content\/uploads\/2022\/04\/OIP.jpg 226w, https:\/\/afb26.org\/wp-content\/uploads\/2022\/04\/OIP-150x150.jpg 150w\" sizes=\"auto, (max-width: 226px) 100vw, 226px\" \/><\/figure><div class=\"wp-block-media-text__content\">\n<p class=\"has-regular-font-size\">La r\u00e9gion Auvergne-Rh\u00f4ne-Alpes vous propose une aide. Pour plus d&#8217;information et\/ou pour monter votre dossier, suivez le lien :<\/p>\n\n\n\n<p><a href=\"https:\/\/www.auvergnerhonealpes.fr\/aide\/509\/289-acquerir-un-minibus-pour-le-transport-des-jeunes-licencies-de-mon-association-sportive-jeunesse-sante-sport-handicap.htm\">https:\/\/www.auvergnerhonealpes.fr\/aide\/509\/289-acquerir-un-minibus-pour-le-<\/a><a href=\"https:\/\/www.auvergnerhonealpes.fr\/aide\/509\/289-acquerir-un-minibus-pour-le-transport-des-jeunes-licencies-de-mon-association-sportive-jeunesse-sante-sport-handicap.htm\" target=\"_blank\" rel=\"noreferrer noopener\">transport<\/a><a href=\"https:\/\/www.auvergnerhonealpes.fr\/aide\/509\/289-acquerir-un-minibus-pour-le-transport-des-jeunes-licencies-de-mon-association-sportive-jeunesse-sante-sport-handicap.htm\">-des-jeunes-licencies-de-mon-association-sportive-jeunesse-sante-sport-handicap.htm<\/a><\/p>\n<\/div><\/div>\n","protected":false},"excerpt":{"rendered":"<p>Comment acqu\u00e9rir un minibus pour le transport des jeunes licenci\u00e9s ? La r\u00e9gion Auvergne-Rh\u00f4ne-Alpes vous propose une aide. Pour plus d&#8217;information et\/ou pour monter votre dossier, suivez le lien : https:\/\/www.auvergnerhonealpes.fr\/aide\/509\/289-acquerir-un-minibus-pour-le-transport-des-jeunes-licencies-de-mon-association-sportive-jeunesse-sante-sport-handicap.htm<\/p>\n","protected":false},"author":5,"featured_media":2394,"comment_status":"closed","ping_status":"closed","sticky":false,"template":"","format":"standard","meta":{"footnotes":""},"categories":[30],"tags":[40,42,41],"class_list":["post-2392","post","type-post","status-publish","format-standard","has-post-thumbnail","hentry","category-archives-actualites-mobilite","tag-mobilite","tag-sport","tag-transport"],"_links":{"self":[{"href":"https:\/\/afb26.org\/index.php?rest_route=\/wp\/v2\/posts\/2392","targetHints":{"allow":["GET"]}}],"collection":[{"href":"https:\/\/afb26.org\/index.php?rest_route=\/wp\/v2\/posts"}],"about":[{"href":"https:\/\/afb26.org\/index.php?rest_route=\/wp\/v2\/types\/post"}],"author":[{"embeddable":true,"href":"https:\/\/afb26.org\/index.php?rest_route=\/wp\/v2\/users\/5"}],"replies":[{"embeddable":true,"href":"https:\/\/afb26.org\/index.php?rest_route=%2Fwp%2Fv2%2Fcomments&post=2392"}],"version-history":[{"count":5,"href":"https:\/\/afb26.org\/index.php?rest_route=\/wp\/v2\/posts\/2392\/revisions"}],"predecessor-version":[{"id":2398,"href":"https:\/\/afb26.org\/index.php?rest_route=\/wp\/v2\/posts\/2392\/revisions\/2398"}],"wp:featuredmedia":[{"embeddable":true,"href":"https:\/\/afb26.org\/index.php?rest_route=\/wp\/v2\/media\/2394"}],"wp:attachment":[{"href":"https:\/\/afb26.org\/index.php?rest_route=%2Fwp%2Fv2%2Fmedia&parent=2392"}],"wp:term":[{"taxonomy":"category","embeddable":true,"href":"https:\/\/afb26.org\/index.php?rest_route=%2Fwp%2Fv2%2Fcategories&post=2392"},{"taxonomy":"post_tag","embeddable":true,"href":"https:\/\/afb26.org\/index.php?rest_route=%2Fwp%2Fv2%2Ftags&post=2392"}],"curies":[{"name":"wp","href":"https:\/\/api.w.org\/{rel}","templated":true}]}}