{"id":2570,"date":"2022-05-09T12:25:53","date_gmt":"2022-05-09T10:25:53","guid":{"rendered":"https:\/\/afb26.org\/?p=2570"},"modified":"2022-06-27T10:24:57","modified_gmt":"2022-06-27T08:24:57","slug":"gratiferia-printemps-ete-2022","status":"publish","type":"post","link":"https:\/\/afb26.org\/?p=2570","title":{"rendered":"Gratif\u00e9ria printemps \/ \u00e9t\u00e9 2022"},"content":{"rendered":"\n<div class=\"wp-block-media-text alignwide is-stacked-on-mobile\" style=\"grid-template-columns:31% auto\"><figure class=\"wp-block-media-text__media\"><img decoding=\"async\" src=\"https:\/\/afb26.org\/wp-content\/uploads\/2022\/05\/Gratiferia-juin-2022-724x1024.jpg\" alt=\"\" class=\"wp-image-2571 size-full\"\/><\/figure><div class=\"wp-block-media-text__content\">\n<div class=\"wp-block-group\"><div class=\"wp-block-group__inner-container is-layout-flow wp-block-group-is-layout-flow\">\n<p class=\"has-text-align-center has-large-font-size\"><span class=\"tadv-color\" style=\"color: #3081cc;\">Cette ann\u00e9e la Gratif\u00e9ria printemps \/ \u00e9t\u00e9 de l&#8217;AFB aura lieu <\/span><\/p>\n<p class=\"has-text-align-center has-large-font-size\"><span class=\"tadv-color\" style=\"color: #3081cc;\">les mardi 31 mai, mercredi 1er et jeudi 2 juin. <\/span><\/p>\n<\/div><\/div>\n\n\n\n<p><\/p>\n\n\n\n<p class=\"has-suki-color-4-color has-text-color has-medium-font-size\">Donnez&#8230; Prenez&#8230; C&#8217;est vous qui voyez !<\/p>\n\n\n\n<p>Elle se d\u00e9roulera, comme d&#8217;habitude, dans la cour de l&#8217;AFB, de 9h \u00e0 17h. L&#8217;acc\u00e8s et libre et gratuit. <\/p>\n\n\n\n<p>C&#8217;est l&#8217;occasion de faire un peu de tri chez soi, pr\u00e9parez vos v\u00eatements printemps\/\u00e9t\u00e9 que vous ne portez plus, les jeux\/jouets qui ne servent plus, ou encore des livres, ou objets, \u00e9quipements de plein air et jardinage. <\/p>\n\n\n\n<p>Vous pouvez \u00e9galement venir, juste pour faire un tour, regarder, prendre ce dont vous avez besoin, ou venir \u00e9changer avec nous dans l&#8217;espace de convivialit\u00e9. <\/p>\n\n\n\n<p class=\"has-medium-font-size\"><span style=\"color:#fc9a41\" class=\"tadv-color\">A noter que<\/span> le mercredi 1er juin, \u00e0 partir de 18h aura lieu notre 1<sup>\u00e8re<\/sup> Assembl\u00e9e G\u00e9n\u00e9rale en tant que Centre Social, qui se terminera par un ap\u00e9ro partag\u00e9 !<\/p>\n\n\n\n<p class=\"has-medium-font-size\"><span style=\"color:#fc9a41\" class=\"tadv-color\"><\/span><span style=\"color:#fc9a41\" class=\"tadv-color\">En partenariat avec la Croix Rouge de Buis les Baronnies : <\/span><\/p>\n\n\n\n<p>Tout ce qui ne trouvera pas preneur \u00e0 la fin des 3 jours, sera donn\u00e9 \u00e0 la croix rouge de Buis les Baronnies.<\/p>\n<\/div><\/div>\n\n\n\n<div class=\"wp-block-media-text alignwide has-media-on-the-right is-stacked-on-mobile\" style=\"grid-template-columns:auto 28%\"><figure class=\"wp-block-media-text__media\"><img loading=\"lazy\" decoding=\"async\" width=\"1024\" height=\"1024\" src=\"https:\/\/afb26.org\/wp-content\/uploads\/2022\/05\/questionnement-2-1024x1024.png\" alt=\"\" class=\"wp-image-2582 size-full\" srcset=\"https:\/\/afb26.org\/wp-content\/uploads\/2022\/05\/questionnement-2-1024x1024.png 1024w, https:\/\/afb26.org\/wp-content\/uploads\/2022\/05\/questionnement-2-300x300.png 300w, https:\/\/afb26.org\/wp-content\/uploads\/2022\/05\/questionnement-2-150x150.png 150w, https:\/\/afb26.org\/wp-content\/uploads\/2022\/05\/questionnement-2-768x768.png 768w, https:\/\/afb26.org\/wp-content\/uploads\/2022\/05\/questionnement-2-1536x1536.png 1536w, https:\/\/afb26.org\/wp-content\/uploads\/2022\/05\/questionnement-2-2048x2048.png 2048w\" sizes=\"auto, (max-width: 1024px) 100vw, 1024px\" \/><\/figure><div class=\"wp-block-media-text__content\">\n<p class=\"has-large-font-size\"><span style=\"color:#fc9a41\" class=\"tadv-color\">Une Gratif\u00e9ria, c\u2019est quoi&nbsp;?<\/span><\/p>\n\n\n\n<p class=\"has-medium-font-size\">C\u2019est un march\u00e9 aux dons : chacun vient avec des choses (v\u00eatements,jeux, jouets, objets, livres\u2026) en bon \u00e9tat et \u00e0 donner. Ce n\u2019est pas du troc, ni un vide grenier, ni une d\u00e9chetterie ! <\/p>\n\n\n\n<p class=\"has-medium-font-size\">On donne tout ce dont on ne veut plus, on prend seulement ce dont on a besoin.<\/p>\n\n\n\n<p class=\"has-medium-font-size\">L\u2019id\u00e9e est d\u2019exp\u00e9rimenter une forme de rapport non marchand, de donner une seconde vie aux objets.<\/p>\n<\/div><\/div>\n\n\n\n<p><\/p>\n","protected":false},"excerpt":{"rendered":"<p>Une Gratif\u00e9ria, c\u2019est quoi&nbsp;? C\u2019est un march\u00e9 aux dons : chacun vient avec des choses (v\u00eatements,jeux, jouets, objets, livres\u2026) en bon \u00e9tat et \u00e0 donner. Ce n\u2019est pas du troc, ni un vide grenier, ni une d\u00e9chetterie ! On donne tout ce dont on ne veut plus, on prend seulement ce dont on a besoin. &hellip;<\/p>\n","protected":false},"author":8,"featured_media":0,"comment_status":"closed","ping_status":"closed","sticky":false,"template":"","format":"standard","meta":{"footnotes":""},"categories":[27],"tags":[39,37,38],"class_list":["post-2570","post","type-post","status-publish","format-standard","hentry","category-archives-actualites-animation","tag-dons","tag-gratiferia","tag-gratuit"],"_links":{"self":[{"href":"https:\/\/afb26.org\/index.php?rest_route=\/wp\/v2\/posts\/2570","targetHints":{"allow":["GET"]}}],"collection":[{"href":"https:\/\/afb26.org\/index.php?rest_route=\/wp\/v2\/posts"}],"about":[{"href":"https:\/\/afb26.org\/index.php?rest_route=\/wp\/v2\/types\/post"}],"author":[{"embeddable":true,"href":"https:\/\/afb26.org\/index.php?rest_route=\/wp\/v2\/users\/8"}],"replies":[{"embeddable":true,"href":"https:\/\/afb26.org\/index.php?rest_route=%2Fwp%2Fv2%2Fcomments&post=2570"}],"version-history":[{"count":13,"href":"https:\/\/afb26.org\/index.php?rest_route=\/wp\/v2\/posts\/2570\/revisions"}],"predecessor-version":[{"id":2673,"href":"https:\/\/afb26.org\/index.php?rest_route=\/wp\/v2\/posts\/2570\/revisions\/2673"}],"wp:attachment":[{"href":"https:\/\/afb26.org\/index.php?rest_route=%2Fwp%2Fv2%2Fmedia&parent=2570"}],"wp:term":[{"taxonomy":"category","embeddable":true,"href":"https:\/\/afb26.org\/index.php?rest_route=%2Fwp%2Fv2%2Fcategories&post=2570"},{"taxonomy":"post_tag","embeddable":true,"href":"https:\/\/afb26.org\/index.php?rest_route=%2Fwp%2Fv2%2Ftags&post=2570"}],"curies":[{"name":"wp","href":"https:\/\/api.w.org\/{rel}","templated":true}]}}