{"id":2587,"date":"2022-05-10T15:56:22","date_gmt":"2022-05-10T13:56:22","guid":{"rendered":"https:\/\/afb26.org\/?p=2587"},"modified":"2023-06-16T11:37:07","modified_gmt":"2023-06-16T09:37:07","slug":"assemblee-generale-du-centre-social-afb","status":"publish","type":"post","link":"https:\/\/afb26.org\/?p=2587","title":{"rendered":"Assembl\u00e9e G\u00e9n\u00e9rale du Centre Social &#8211; AFB"},"content":{"rendered":"\n<p><\/p>\n\n\n\n<div class=\"wp-block-media-text alignwide is-stacked-on-mobile\" style=\"grid-template-columns:40% auto\"><figure class=\"wp-block-media-text__media\"><img loading=\"lazy\" decoding=\"async\" width=\"724\" height=\"1024\" src=\"https:\/\/afb26.org\/wp-content\/uploads\/2022\/05\/Affiche-AG-2022-724x1024.jpg\" alt=\"\" class=\"wp-image-2588 size-full\" srcset=\"https:\/\/afb26.org\/wp-content\/uploads\/2022\/05\/Affiche-AG-2022-724x1024.jpg 724w, https:\/\/afb26.org\/wp-content\/uploads\/2022\/05\/Affiche-AG-2022-212x300.jpg 212w, https:\/\/afb26.org\/wp-content\/uploads\/2022\/05\/Affiche-AG-2022-768x1086.jpg 768w, https:\/\/afb26.org\/wp-content\/uploads\/2022\/05\/Affiche-AG-2022-1086x1536.jpg 1086w, https:\/\/afb26.org\/wp-content\/uploads\/2022\/05\/Affiche-AG-2022-1448x2048.jpg 1448w, https:\/\/afb26.org\/wp-content\/uploads\/2022\/05\/Affiche-AG-2022.jpg 1754w\" sizes=\"auto, (max-width: 724px) 100vw, 724px\" \/><\/figure><div class=\"wp-block-media-text__content\">\n<h3 class=\"has-text-align-center has-huge-font-size wp-block-heading\"><span style=\"color:#3081cc\" class=\"tadv-color\">Nous avons le plaisir de vous inviter \u00e0  la 1ere assembl\u00e9e G\u00e9n\u00e9rale du Centre Social &#8211; Association Familiale des Baronnies <\/span><\/h3>\n\n\n\n<h3 class=\"has-text-align-center has-huge-font-size wp-block-heading\"><span style=\"color:#3081cc\" class=\"tadv-color\">le <strong>mercredi 1<sup>er<\/sup> juin 2022<\/strong><\/span><\/h3>\n\n\n\n<p><\/p>\n\n\n\n<p>L\u2019assembl\u00e9e g\u00e9n\u00e9rale est un temps fort de la vie d\u2019une association pour \u00e9changer, se conna\u00eetre, \u00e9couter chacun, porter toutes les voix\u2026 <strong>Votre pr\u00e9sence y est importante et attendue<\/strong> !<\/p>\n\n\n\n<p class=\"has-text-align-center has-suki-color-4-color has-text-color has-medium-font-size\"><strong>Au programme : <\/strong><\/p>\n\n\n\n<p class=\"has-text-align-center has-medium-font-size\">Toute la journ\u00e9e, exposition des bilans de service dans la cour, pendant la gratif\u00e9ria<\/p>\n\n\n\n<p class=\"has-text-align-center has-medium-font-size\"><strong>de 16h \u00e0 18h : <\/strong><\/p>\n\n\n\n<p class=\"has-medium-font-size\">Temps anim\u00e9 par les responsables de services, venez \u00e9changer avec eux sur les bilans de nos actions.<\/p>\n\n\n\n<p class=\"has-text-align-center has-medium-font-size\"><strong>\u00e0 partir de 18h : <\/strong><\/p>\n\n\n\n<ul class=\"has-medium-font-size wp-block-list\"><li>\u00c9changes &amp; questions sur le fonctionnement du centre social<\/li><li>Pr\u00e9sentation des nouveaux salari\u00e9s<\/li><li>Bilan financier<\/li><li>Rapport du Commissaire aux comptes<\/li><li>Projets du Centre Social<\/li><li>\u00c9lection des membres du CA<\/li><\/ul>\n\n\n\n<p class=\"has-text-align-center has-medium-font-size\"><strong>Ap\u00e9ro Partag\u00e9 <\/strong><\/p>\n<\/div><\/div>\n\n\n\n<h3 class=\"has-large-font-size wp-block-heading\"><span style=\"color:#3081cc\" class=\"tadv-color\">Nous recherchons de nouveaux administrateurs<\/span><\/h3>\n\n\n\n<p>Les administrateurs participent \u00e0 la gouvernance associative (Conseil d&#8217;Administration, Bureau).<br>Les administrateurs sont les repr\u00e9sentants de l&#8217;association dans tous les actes de la vie civile. Ils sont charg\u00e9s d&#8217;assurer le bon fonctionnement de l&#8217;association et l&#8217;application des d\u00e9cisions<\/p>\n\n\n\n<h3 class=\"has-large-font-size wp-block-heading\"><span style=\"color:#3081cc\" class=\"tadv-color\">\u00catre administrateur c&#8217;est <\/span><\/h3>\n\n\n\n<ul class=\"wp-block-list\"><li>\u00catre acteur dans la gestion du Centre Social<\/li><li>S&#8217;investir sur la dur\u00e9e pour mieux comprendre le fonctionnement<\/li><li>D\u00e9couvrir les enjeux mis en \u0153uvre dans l&#8217;animation du territoire<\/li><li>Faire un acte citoyen au sein d&#8217;une Association<\/li><\/ul>\n\n\n\n<h3 class=\"wp-block-heading\">Pour plus de renseignements : <\/h3>\n\n\n\n<div class=\"wp-block-group\"><div class=\"wp-block-group__inner-container is-layout-flow wp-block-group-is-layout-flow\">\n<p>secretariat@afb26.org <\/p>\n\n\n\n<p>04 75 28 17 28<\/p>\n<\/div><\/div>\n","protected":false},"excerpt":{"rendered":"<p>Nous avons le plaisir de vous inviter \u00e0 la 1ere assembl\u00e9e G\u00e9n\u00e9rale du Centre Social &#8211; Association Familiale des Baronnies le mercredi 1er juin 2022 L\u2019assembl\u00e9e g\u00e9n\u00e9rale est un temps fort de la vie d\u2019une association pour \u00e9changer, se conna\u00eetre, \u00e9couter chacun, porter toutes les voix\u2026 Votre pr\u00e9sence y est importante et attendue ! Au &hellip;<\/p>\n","protected":false},"author":8,"featured_media":2588,"comment_status":"closed","ping_status":"closed","sticky":false,"template":"","format":"standard","meta":{"footnotes":""},"categories":[31],"tags":[45,43,34],"class_list":["post-2587","post","type-post","status-publish","format-standard","has-post-thumbnail","hentry","category-archives-actualites-projet-social","tag-assemblee","tag-association","tag-centre-social"],"_links":{"self":[{"href":"https:\/\/afb26.org\/index.php?rest_route=\/wp\/v2\/posts\/2587","targetHints":{"allow":["GET"]}}],"collection":[{"href":"https:\/\/afb26.org\/index.php?rest_route=\/wp\/v2\/posts"}],"about":[{"href":"https:\/\/afb26.org\/index.php?rest_route=\/wp\/v2\/types\/post"}],"author":[{"embeddable":true,"href":"https:\/\/afb26.org\/index.php?rest_route=\/wp\/v2\/users\/8"}],"replies":[{"embeddable":true,"href":"https:\/\/afb26.org\/index.php?rest_route=%2Fwp%2Fv2%2Fcomments&post=2587"}],"version-history":[{"count":20,"href":"https:\/\/afb26.org\/index.php?rest_route=\/wp\/v2\/posts\/2587\/revisions"}],"predecessor-version":[{"id":2747,"href":"https:\/\/afb26.org\/index.php?rest_route=\/wp\/v2\/posts\/2587\/revisions\/2747"}],"wp:featuredmedia":[{"embeddable":true,"href":"https:\/\/afb26.org\/index.php?rest_route=\/wp\/v2\/media\/2588"}],"wp:attachment":[{"href":"https:\/\/afb26.org\/index.php?rest_route=%2Fwp%2Fv2%2Fmedia&parent=2587"}],"wp:term":[{"taxonomy":"category","embeddable":true,"href":"https:\/\/afb26.org\/index.php?rest_route=%2Fwp%2Fv2%2Fcategories&post=2587"},{"taxonomy":"post_tag","embeddable":true,"href":"https:\/\/afb26.org\/index.php?rest_route=%2Fwp%2Fv2%2Ftags&post=2587"}],"curies":[{"name":"wp","href":"https:\/\/api.w.org\/{rel}","templated":true}]}}