{"id":2748,"date":"2022-06-27T10:23:19","date_gmt":"2022-06-27T08:23:19","guid":{"rendered":"https:\/\/afb26.org\/?p=2748"},"modified":"2023-06-16T11:36:54","modified_gmt":"2023-06-16T09:36:54","slug":"compte-rendu-ag-2022-du-1er-juin-2022","status":"publish","type":"post","link":"https:\/\/afb26.org\/?p=2748","title":{"rendered":"Compte Rendu AG 2022 du 1er juin 2022"},"content":{"rendered":"\n<div class=\"wp-block-columns is-layout-flex wp-container-core-columns-is-layout-9d6595d7 wp-block-columns-is-layout-flex\">\n<div class=\"wp-block-column is-layout-flow wp-block-column-is-layout-flow\">\n<figure class=\"wp-block-image size-large\"><img loading=\"lazy\" decoding=\"async\" width=\"724\" height=\"1024\" src=\"https:\/\/afb26.org\/wp-content\/uploads\/2022\/05\/Affiche-AG-2022-724x1024.jpg\" alt=\"\" class=\"wp-image-2588\" srcset=\"https:\/\/afb26.org\/wp-content\/uploads\/2022\/05\/Affiche-AG-2022-724x1024.jpg 724w, https:\/\/afb26.org\/wp-content\/uploads\/2022\/05\/Affiche-AG-2022-212x300.jpg 212w, https:\/\/afb26.org\/wp-content\/uploads\/2022\/05\/Affiche-AG-2022-768x1086.jpg 768w, https:\/\/afb26.org\/wp-content\/uploads\/2022\/05\/Affiche-AG-2022-1086x1536.jpg 1086w, https:\/\/afb26.org\/wp-content\/uploads\/2022\/05\/Affiche-AG-2022-1448x2048.jpg 1448w, https:\/\/afb26.org\/wp-content\/uploads\/2022\/05\/Affiche-AG-2022.jpg 1754w\" sizes=\"auto, (max-width: 724px) 100vw, 724px\" \/><\/figure>\n<\/div>\n\n\n\n<div class=\"wp-block-column is-layout-flow wp-block-column-is-layout-flow\">\n<p class=\"has-text-align-center has-medium-font-size\">Le <strong><span style=\"color:#fc9a41\" class=\"tadv-color\">mercredi 1er juin 2022<\/span><\/strong> a eu lieu la premi\u00e8re <strong><span style=\"color:#3081cc\" class=\"tadv-color\">Assembl\u00e9e G\u00e9n\u00e9rale de l&#8217;Association Familiale des Baronnies<\/span><\/strong> en tant que <strong><span style=\"color:#fc9a41\" class=\"tadv-color\">Centre Social<\/span><\/strong><\/p>\n\n\n\n<p>    Nous remercions chaleureusement les personnes pr\u00e9sentes, pour ce temps fort, o\u00f9 nous avons pu \u00e9changer sur la situation et les missions de l&#8217;AFB.<\/p>\n\n\n\n<p>    Pour tout ceux qui n&#8217;ont malheureusement pas pu se joindre \u00e0 nous, et pour tous ceux qui souhaiterai plus de pr\u00e9cisions, vous trouverez, ci-dessous, le compte rendu Complet de cette Assembl\u00e9e G\u00e9n\u00e9rale. Bonne lecture<\/p>\n\n\n\n<div data-wp-interactive=\"core\/file\" class=\"wp-block-file\"><object data-wp-bind--hidden=\"!state.hasPdfPreview\" hidden class=\"wp-block-file__embed\" data=\"https:\/\/afb26.org\/wp-content\/uploads\/2022\/06\/AFB-Compte-rendu-AG-2022.pdf\" type=\"application\/pdf\" style=\"width:100%;height:600px\" aria-label=\"Contenu embarqu\u00e9 Contenu embarqu\u00e9 AFB-Compte-rendu-AG-2022..\"><\/object><a id=\"wp-block-file--media-32a39e10-d408-4f98-8729-a64ca1701ddc\" href=\"https:\/\/afb26.org\/wp-content\/uploads\/2022\/06\/AFB-Compte-rendu-AG-2022.pdf\">AFB-Compte-rendu-AG-2022<\/a><a href=\"https:\/\/afb26.org\/wp-content\/uploads\/2022\/06\/AFB-Compte-rendu-AG-2022.pdf\" class=\"wp-block-file__button\" download aria-describedby=\"wp-block-file--media-32a39e10-d408-4f98-8729-a64ca1701ddc\">T\u00e9l\u00e9charger<\/a><\/div>\n<\/div>\n<\/div>\n","protected":false},"excerpt":{"rendered":"<p>Le mercredi 1er juin 2022 a eu lieu la premi\u00e8re Assembl\u00e9e G\u00e9n\u00e9rale de l&#8217;Association Familiale des Baronnies en tant que Centre Social Nous remercions chaleureusement les personnes pr\u00e9sentes, pour ce temps fort, o\u00f9 nous avons pu \u00e9changer sur la situation et les missions de l&#8217;AFB. Pour tout ceux qui n&#8217;ont malheureusement pas pu se joindre &hellip;<\/p>\n","protected":false},"author":8,"featured_media":2588,"comment_status":"closed","ping_status":"closed","sticky":false,"template":"","format":"standard","meta":{"footnotes":""},"categories":[25],"tags":[],"class_list":["post-2748","post","type-post","status-publish","format-standard","has-post-thumbnail","hentry","category-archives-actualites-afb"],"_links":{"self":[{"href":"https:\/\/afb26.org\/index.php?rest_route=\/wp\/v2\/posts\/2748","targetHints":{"allow":["GET"]}}],"collection":[{"href":"https:\/\/afb26.org\/index.php?rest_route=\/wp\/v2\/posts"}],"about":[{"href":"https:\/\/afb26.org\/index.php?rest_route=\/wp\/v2\/types\/post"}],"author":[{"embeddable":true,"href":"https:\/\/afb26.org\/index.php?rest_route=\/wp\/v2\/users\/8"}],"replies":[{"embeddable":true,"href":"https:\/\/afb26.org\/index.php?rest_route=%2Fwp%2Fv2%2Fcomments&post=2748"}],"version-history":[{"count":1,"href":"https:\/\/afb26.org\/index.php?rest_route=\/wp\/v2\/posts\/2748\/revisions"}],"predecessor-version":[{"id":2750,"href":"https:\/\/afb26.org\/index.php?rest_route=\/wp\/v2\/posts\/2748\/revisions\/2750"}],"wp:featuredmedia":[{"embeddable":true,"href":"https:\/\/afb26.org\/index.php?rest_route=\/wp\/v2\/media\/2588"}],"wp:attachment":[{"href":"https:\/\/afb26.org\/index.php?rest_route=%2Fwp%2Fv2%2Fmedia&parent=2748"}],"wp:term":[{"taxonomy":"category","embeddable":true,"href":"https:\/\/afb26.org\/index.php?rest_route=%2Fwp%2Fv2%2Fcategories&post=2748"},{"taxonomy":"post_tag","embeddable":true,"href":"https:\/\/afb26.org\/index.php?rest_route=%2Fwp%2Fv2%2Ftags&post=2748"}],"curies":[{"name":"wp","href":"https:\/\/api.w.org\/{rel}","templated":true}]}}