{"id":3362,"date":"2023-03-14T16:20:04","date_gmt":"2023-03-14T15:20:04","guid":{"rendered":"https:\/\/afb26.org\/?p=3362"},"modified":"2023-06-16T11:35:47","modified_gmt":"2023-06-16T09:35:47","slug":"nous-avons-besoins-de-vous","status":"publish","type":"post","link":"https:\/\/afb26.org\/?p=3362","title":{"rendered":"Nous avons besoins de vous !!"},"content":{"rendered":"\n<h2 class=\"wp-block-heading\">Nous avons besoin de vous !!<\/h2>\n\n\n\n<div class=\"wp-block-columns is-layout-flex wp-container-core-columns-is-layout-9d6595d7 wp-block-columns-is-layout-flex\">\n<div class=\"wp-block-column is-layout-flow wp-block-column-is-layout-flow\" style=\"flex-basis:100%\">\n<div class=\"wp-block-columns is-layout-flex wp-container-core-columns-is-layout-9d6595d7 wp-block-columns-is-layout-flex\">\n<div class=\"wp-block-column is-layout-flow wp-block-column-is-layout-flow\">\n<div class=\"wp-block-columns is-layout-flex wp-container-core-columns-is-layout-9d6595d7 wp-block-columns-is-layout-flex\">\n<div class=\"wp-block-column is-layout-flow wp-block-column-is-layout-flow\">\n<p><\/p>\n\n\n\n<p><\/p>\n\n\n\n<p class=\"has-text-align-center has-large-font-size\">Comme chaque ann\u00e9e, l&#8217;AFB a besoin de petites mains pour rendre cet \u00e9v\u00e8nement agr\u00e9able pour tous !<\/p>\n\n\n\n<p class=\"has-text-align-center has-large-font-size\">Voici les moments\/missions o\u00f9 vous pouvez venir nous aider :<\/p>\n<\/div>\n\n\n\n<div class=\"wp-block-column is-layout-flow wp-block-column-is-layout-flow\"><div class=\"wp-block-image\">\n<figure class=\"alignleft size-large is-resized\"><img loading=\"lazy\" decoding=\"async\" src=\"https:\/\/afb26.org\/wp-content\/uploads\/2023\/03\/Carnaval-2023-Affiche-portrait-42-\u00d7-594-cm-29-\u00d7-42-cm-29.7-\u00d7-42-cm-1024x970.png\" alt=\"\" class=\"wp-image-3364\" width=\"256\" height=\"243\" srcset=\"https:\/\/afb26.org\/wp-content\/uploads\/2023\/03\/Carnaval-2023-Affiche-portrait-42-\u00d7-594-cm-29-\u00d7-42-cm-29.7-\u00d7-42-cm-1024x970.png 1024w, https:\/\/afb26.org\/wp-content\/uploads\/2023\/03\/Carnaval-2023-Affiche-portrait-42-\u00d7-594-cm-29-\u00d7-42-cm-29.7-\u00d7-42-cm-300x284.png 300w, https:\/\/afb26.org\/wp-content\/uploads\/2023\/03\/Carnaval-2023-Affiche-portrait-42-\u00d7-594-cm-29-\u00d7-42-cm-29.7-\u00d7-42-cm-768x727.png 768w, https:\/\/afb26.org\/wp-content\/uploads\/2023\/03\/Carnaval-2023-Affiche-portrait-42-\u00d7-594-cm-29-\u00d7-42-cm-29.7-\u00d7-42-cm.png 1077w\" sizes=\"auto, (max-width: 256px) 100vw, 256px\" \/><\/figure>\n<\/div><\/div>\n<\/div>\n<\/div>\n<\/div>\n<\/div>\n<\/div>\n\n\n\n<div class=\"wp-block-columns is-layout-flex wp-container-core-columns-is-layout-9d6595d7 wp-block-columns-is-layout-flex\">\n<div class=\"wp-block-column is-layout-flow wp-block-column-is-layout-flow\"><\/div>\n\n\n\n<div class=\"wp-block-column is-layout-flow wp-block-column-is-layout-flow\"><\/div>\n<\/div>\n\n\n\n<p><em>J<strong>eudi 23 mars<\/strong><\/em><strong> <\/strong><\/p>\n\n\n\n<p>&#8211; RDV\u00e0 <strong>9h30<\/strong> \u00e0 la MFR pour pr\u00e9parer les tartes\/cakes qui seront vendus au b\u00e9n\u00e9fice de l&#8217;association ;<\/p>\n\n\n\n<p><strong><em>Vendredi 24 mars 2023<\/em><\/strong><\/p>\n\n\n\n<p>&#8211; <strong>14h30-15h15<\/strong> : service des boissons dans la cour de l&#8217;AFB ;<br><br>&#8211; <strong>15h45-18h<\/strong> : (AUX ARCADES)<br>service des boissons<br>OU service du popcorn<br>OU service des pr\u00e9parations sal\u00e9es<br>OU vaisselle&nbsp;<br><br>&#8211; <strong>18h-20h30<\/strong> : (AUX ARCADES)<br>service des boissons<br>OU service du popcorn<br>OU service des pr\u00e9parations sal\u00e9es<br>OU vaisselle<br><br>&#8211; <strong>20h30-22h<\/strong> : rangement.<\/p>\n\n\n\n<p>Merci d&#8217;avance pour vos r\u00e9ponses !<\/p>\n\n\n\n<p class=\"has-suki-color-2-color has-text-color\"><strong><em>referente.famille@animateur<br>06 73 65 51 17<\/em><\/strong><\/p>\n","protected":false},"excerpt":{"rendered":"<p>Nous avons besoin de vous !! Comme chaque ann\u00e9e, l&#8217;AFB a besoin de petites mains pour rendre cet \u00e9v\u00e8nement agr\u00e9able pour tous ! Voici les moments\/missions o\u00f9 vous pouvez venir nous aider : Jeudi 23 mars &#8211; RDV\u00e0 9h30 \u00e0 la MFR pour pr\u00e9parer les tartes\/cakes qui seront vendus au b\u00e9n\u00e9fice de l&#8217;association ; Vendredi &hellip;<\/p>\n","protected":false},"author":8,"featured_media":3465,"comment_status":"closed","ping_status":"closed","sticky":false,"template":"","format":"standard","meta":{"footnotes":""},"categories":[27,1],"tags":[],"class_list":["post-3362","post","type-post","status-publish","format-standard","has-post-thumbnail","hentry","category-archives-actualites-animation","category-non-classe"],"_links":{"self":[{"href":"https:\/\/afb26.org\/index.php?rest_route=\/wp\/v2\/posts\/3362","targetHints":{"allow":["GET"]}}],"collection":[{"href":"https:\/\/afb26.org\/index.php?rest_route=\/wp\/v2\/posts"}],"about":[{"href":"https:\/\/afb26.org\/index.php?rest_route=\/wp\/v2\/types\/post"}],"author":[{"embeddable":true,"href":"https:\/\/afb26.org\/index.php?rest_route=\/wp\/v2\/users\/8"}],"replies":[{"embeddable":true,"href":"https:\/\/afb26.org\/index.php?rest_route=%2Fwp%2Fv2%2Fcomments&post=3362"}],"version-history":[{"count":10,"href":"https:\/\/afb26.org\/index.php?rest_route=\/wp\/v2\/posts\/3362\/revisions"}],"predecessor-version":[{"id":3466,"href":"https:\/\/afb26.org\/index.php?rest_route=\/wp\/v2\/posts\/3362\/revisions\/3466"}],"wp:featuredmedia":[{"embeddable":true,"href":"https:\/\/afb26.org\/index.php?rest_route=\/wp\/v2\/media\/3465"}],"wp:attachment":[{"href":"https:\/\/afb26.org\/index.php?rest_route=%2Fwp%2Fv2%2Fmedia&parent=3362"}],"wp:term":[{"taxonomy":"category","embeddable":true,"href":"https:\/\/afb26.org\/index.php?rest_route=%2Fwp%2Fv2%2Fcategories&post=3362"},{"taxonomy":"post_tag","embeddable":true,"href":"https:\/\/afb26.org\/index.php?rest_route=%2Fwp%2Fv2%2Ftags&post=3362"}],"curies":[{"name":"wp","href":"https:\/\/api.w.org\/{rel}","templated":true}]}}