{"id":3593,"date":"2023-05-30T14:27:07","date_gmt":"2023-05-30T12:27:07","guid":{"rendered":"https:\/\/afb26.org\/?p=3593"},"modified":"2024-10-08T12:41:27","modified_gmt":"2024-10-08T10:41:27","slug":"vacances-dete-2023","status":"publish","type":"post","link":"https:\/\/afb26.org\/?p=3593","title":{"rendered":"VACANCES D&#8217;ETE 2023"},"content":{"rendered":"\n<h2 class=\"wp-block-heading has-suki-color-4-color has-text-color\">Vacances d&#8217;\u00e9t\u00e9 2023<\/h2>\n\n\n\n<p class=\"has-text-align-center\">Ch\u00e8res familles,<\/p>\n\n\n\n<p class=\"has-text-align-center\">La p\u00e9riode estivale approche et notre travail pour accueillir vos enfants de <strong>3 \u00e0 11 ans<\/strong> est d\u00e9j\u00e0 bien avanc\u00e9.<\/p>\n\n\n<div class=\"wp-block-image\">\n<figure class=\"aligncenter size-full is-resized\"><img decoding=\"async\" src=\"https:\/\/afb26.org\/wp-content\/uploads\/2023\/06\/Flyer-ete-bandeau.jpg\" alt=\"\" class=\"wp-image-3639\" width=\"600\"\/><\/figure>\n<\/div>\n\n\n<p class=\"has-text-align-center has-medium-font-size\">Quelques dates \u00e0 retenir d\u00e8s maintenant :<\/p>\n\n\n\n<p class=\"has-text-align-center has-suki-color-2-color has-text-color has-medium-font-size\"><strong>le 16 juin<\/strong> diffusion du programme de l&#8217;\u00e9t\u00e9<\/p>\n\n\n\n<p class=\"has-text-align-center has-suki-color-2-color has-text-color has-medium-font-size\"><strong>le 23 juin<\/strong> ouverture des inscriptions (par mail exclusivement \u00e0 responsable.alsh@afb26.org)<\/p>\n\n\n\n<p class=\"has-text-align-center\">A tr\u00e8s bient\u00f4t !!<\/p>\n\n\n\n<p class=\"has-text-align-right\"><em><strong>Toute l&#8217;\u00e9quipe du Chat Bott\u00e9<\/strong><\/em><\/p>\n","protected":false},"excerpt":{"rendered":"<p>Vacances d&#8217;\u00e9t\u00e9 2023 Ch\u00e8res familles, La p\u00e9riode estivale approche et notre travail pour accueillir vos enfants de 3 \u00e0 11 ans est d\u00e9j\u00e0 bien avanc\u00e9. Quelques dates \u00e0 retenir d\u00e8s maintenant : le 16 juin diffusion du programme de l&#8217;\u00e9t\u00e9 le 23 juin ouverture des inscriptions (par mail exclusivement \u00e0 responsable.alsh@afb26.org) A tr\u00e8s bient\u00f4t !! &hellip;<\/p>\n","protected":false},"author":6,"featured_media":0,"comment_status":"closed","ping_status":"closed","sticky":true,"template":"","format":"standard","meta":{"footnotes":""},"categories":[29],"tags":[60,50,51,43,36,49,47,59],"class_list":["post-3593","post","type-post","status-publish","format-standard","hentry","category-archives-actualites-du-chat-botte","tag-accueil-de-loisirs","tag-activites","tag-animateur","tag-association","tag-baronnies","tag-ete","tag-loisirs","tag-vacances"],"_links":{"self":[{"href":"https:\/\/afb26.org\/index.php?rest_route=\/wp\/v2\/posts\/3593","targetHints":{"allow":["GET"]}}],"collection":[{"href":"https:\/\/afb26.org\/index.php?rest_route=\/wp\/v2\/posts"}],"about":[{"href":"https:\/\/afb26.org\/index.php?rest_route=\/wp\/v2\/types\/post"}],"author":[{"embeddable":true,"href":"https:\/\/afb26.org\/index.php?rest_route=\/wp\/v2\/users\/6"}],"replies":[{"embeddable":true,"href":"https:\/\/afb26.org\/index.php?rest_route=%2Fwp%2Fv2%2Fcomments&post=3593"}],"version-history":[{"count":4,"href":"https:\/\/afb26.org\/index.php?rest_route=\/wp\/v2\/posts\/3593\/revisions"}],"predecessor-version":[{"id":3640,"href":"https:\/\/afb26.org\/index.php?rest_route=\/wp\/v2\/posts\/3593\/revisions\/3640"}],"wp:attachment":[{"href":"https:\/\/afb26.org\/index.php?rest_route=%2Fwp%2Fv2%2Fmedia&parent=3593"}],"wp:term":[{"taxonomy":"category","embeddable":true,"href":"https:\/\/afb26.org\/index.php?rest_route=%2Fwp%2Fv2%2Fcategories&post=3593"},{"taxonomy":"post_tag","embeddable":true,"href":"https:\/\/afb26.org\/index.php?rest_route=%2Fwp%2Fv2%2Ftags&post=3593"}],"curies":[{"name":"wp","href":"https:\/\/api.w.org\/{rel}","templated":true}]}}