{"id":3610,"date":"2023-06-15T16:52:54","date_gmt":"2023-06-15T14:52:54","guid":{"rendered":"https:\/\/afb26.org\/?p=3610"},"modified":"2023-07-10T16:12:54","modified_gmt":"2023-07-10T14:12:54","slug":"lassociation-familiale-des-baronnies-centre-social-a-le-plaisir-de-vous-convier-a-son-assemblee-generale","status":"publish","type":"post","link":"https:\/\/afb26.org\/?p=3610","title":{"rendered":"L&#8217;Association Familiale des Baronnies, Centre Social a le plaisir de vous convier \u00e0 son assembl\u00e9e g\u00e9n\u00e9rale !"},"content":{"rendered":"\n<div class=\"wp-block-columns is-layout-flex wp-container-core-columns-is-layout-9d6595d7 wp-block-columns-is-layout-flex\">\n<div class=\"wp-block-column is-layout-flow wp-block-column-is-layout-flow\" style=\"flex-basis:100%\">\n<h2 class=\"wp-block-heading\">L&#8217;Association Familiale des Baronnies, Centre Social a le plaisir de vous convier \u00e0 son assembl\u00e9e g\u00e9n\u00e9rale !<\/h2>\n<\/div>\n<\/div>\n\n\n\n<p>L&#8217;ordre du jour :<br>&#8211; Rapport moral ;<br>&#8211; Compte rendu financier ;<br>&#8211; Bilans des activit\u00e9s de l&#8217;association ;<br>&#8211; Questions diverses &#8211; Projets futurs.<\/p>\n\n\n\n<h2 class=\"wp-block-heading has-suki-color-6-color has-text-color has-medium-font-size\"><em>Tous les habitant.e.s et partenaires sont invit\u00e9.e.s \u00e0 notre Assembl\u00e9e G\u00e9n\u00e9rale.<\/em><br><em>Mais seuls les membres en ordre de cotisation auront droit de vote !\u00a0<\/em><\/h2>\n\n\n\n<p><strong>Adh\u00e9rez (ou r\u00e9-adh\u00e9rez) \u00e0 l&#8217;AFB<\/strong><\/p>\n\n\n\n<p>\u00catre adh\u00e9rent, c\u2019est soutenir les valeurs et le projet social de l&#8217;Association.<br>Adh\u00e9rer donne acc\u00e8s \u00e0 des activit\u00e9s, des services et c\u2019est avant tout un soutien \u00e0 une construction collective.<br>Plus l\u2019Association a d\u2019adh\u00e9rents, plus les id\u00e9es et les projets de l\u2019association ont de chance de grandir, d\u2019\u00eatre connus et reconnus sur tout le territoire.<br>L\u2019AFB propose une adh\u00e9sion annuelle, de date \u00e0 date :\u00a0<\/p>\n\n\n\n<p><strong><em>Tarif habitant-familles 20\u20ac \/ Tarif personne morale (Collectivit\u00e9s-Associations) 30\u20ac.<\/em><\/strong><\/p>\n\n\n\n<p>au plaisir de vous voir \u00e0 notre assembl\u00e9e g\u00e9n\u00e9rale !!<\/p>\n\n\n<div class=\"wp-block-image\">\n<figure class=\"aligncenter size-large is-resized\"><img loading=\"lazy\" decoding=\"async\" src=\"https:\/\/afb26.org\/wp-content\/uploads\/2023\/06\/Image1-1024x485.png\" alt=\"\" class=\"wp-image-3659\" width=\"768\" height=\"364\"\/><figcaption class=\"wp-element-caption\">Multicultural people standing together isolated flat vector illustration. Cartoon diverse characters of multinational community members. Society and public concept<\/figcaption><\/figure>\n<\/div>","protected":false},"excerpt":{"rendered":"<p>L&#8217;Association Familiale des Baronnies, Centre Social a le plaisir de vous convier \u00e0 son assembl\u00e9e g\u00e9n\u00e9rale ! L&#8217;ordre du jour :&#8211; Rapport moral ;&#8211; Compte rendu financier ;&#8211; Bilans des activit\u00e9s de l&#8217;association ;&#8211; Questions diverses &#8211; Projets futurs. Tous les habitant.e.s et partenaires sont invit\u00e9.e.s \u00e0 notre Assembl\u00e9e G\u00e9n\u00e9rale.Mais seuls les membres en ordre &hellip;<\/p>\n","protected":false},"author":6,"featured_media":0,"comment_status":"closed","ping_status":"closed","sticky":false,"template":"","format":"standard","meta":{"footnotes":""},"categories":[25],"tags":[61,43,36,35],"class_list":["post-3610","post","type-post","status-publish","format-standard","hentry","category-archives-actualites-afb","tag-assemblee-generale","tag-association","tag-baronnies","tag-habitants"],"_links":{"self":[{"href":"https:\/\/afb26.org\/index.php?rest_route=\/wp\/v2\/posts\/3610","targetHints":{"allow":["GET"]}}],"collection":[{"href":"https:\/\/afb26.org\/index.php?rest_route=\/wp\/v2\/posts"}],"about":[{"href":"https:\/\/afb26.org\/index.php?rest_route=\/wp\/v2\/types\/post"}],"author":[{"embeddable":true,"href":"https:\/\/afb26.org\/index.php?rest_route=\/wp\/v2\/users\/6"}],"replies":[{"embeddable":true,"href":"https:\/\/afb26.org\/index.php?rest_route=%2Fwp%2Fv2%2Fcomments&post=3610"}],"version-history":[{"count":6,"href":"https:\/\/afb26.org\/index.php?rest_route=\/wp\/v2\/posts\/3610\/revisions"}],"predecessor-version":[{"id":3662,"href":"https:\/\/afb26.org\/index.php?rest_route=\/wp\/v2\/posts\/3610\/revisions\/3662"}],"wp:attachment":[{"href":"https:\/\/afb26.org\/index.php?rest_route=%2Fwp%2Fv2%2Fmedia&parent=3610"}],"wp:term":[{"taxonomy":"category","embeddable":true,"href":"https:\/\/afb26.org\/index.php?rest_route=%2Fwp%2Fv2%2Fcategories&post=3610"},{"taxonomy":"post_tag","embeddable":true,"href":"https:\/\/afb26.org\/index.php?rest_route=%2Fwp%2Fv2%2Ftags&post=3610"}],"curies":[{"name":"wp","href":"https:\/\/api.w.org\/{rel}","templated":true}]}}