{"id":3692,"date":"2023-06-23T10:48:22","date_gmt":"2023-06-23T08:48:22","guid":{"rendered":"https:\/\/afb26.org\/?p=3692"},"modified":"2024-10-08T12:43:19","modified_gmt":"2024-10-08T10:43:19","slug":"velo-pour-tous","status":"publish","type":"post","link":"https:\/\/afb26.org\/?p=3692","title":{"rendered":"V\u00e9lo pour tous !!"},"content":{"rendered":"\n<h2 class=\"wp-block-heading\">&#8220;V\u00e9lo pour tous&#8221; arrive sur le territoire&#8230;<\/h2>\n\n\n\n<div class=\"wp-block-columns is-layout-flex wp-container-core-columns-is-layout-9d6595d7 wp-block-columns-is-layout-flex\">\n<div class=\"wp-block-column is-layout-flow wp-block-column-is-layout-flow\" style=\"flex-basis:33.33%\"><div class=\"wp-block-image\">\n<figure class=\"aligncenter size-full is-resized\"><img loading=\"lazy\" decoding=\"async\" src=\"https:\/\/afb26.org\/wp-content\/uploads\/2023\/06\/velo.png\" alt=\"\" class=\"wp-image-3693\" width=\"300\" height=\"300\"\/><\/figure>\n<\/div><\/div>\n\n\n\n<div class=\"wp-block-column is-layout-flow wp-block-column-is-layout-flow\" style=\"flex-basis:66.66%\">\n<p class=\"has-text-align-left\">La<strong> CCBDP <\/strong>lance un nouveau service de location longue dur\u00e9e de V\u00e9lo \u00e0 Assistance Electrique \u00ab V\u00e9lo Pour Tous ! \u00bb ou \u00ab V\u00e9lo pour Tous \u00bb un nouveau service de location de v\u00e9los \u00e0 assistance \u00e9lectrique longue dur\u00e9e lanc\u00e9e par la CCBDP. <br>En partenariat avec 4 associations sociales et solidaires du territoire (le centre social Carrefour des Habitants, le foyer de jeunes de la Maison Constantin, l\u2019association familiale des Baronnies et l&#8217;Association d&#8217;Animation Sociale du Haut-Nyonsais), la Communaut\u00e9 de Communes des Baronnies en Dr\u00f4me Proven\u00e7ale ouvre d\u00e8s le <strong>lundi 26 juin 2023<\/strong> son service de location longue dur\u00e9e de v\u00e9lo \u00e0 assistance \u00e9lectrique \u00ab V\u00e9lo Pour Tous ! \u00bb.<br>Ce nouveau service de location est ouvert en priorit\u00e9 \u00e0 des publics fragiles et en difficult\u00e9 de mobilit\u00e9 sur le territoire : jeunes, personnes en recherche d\u2019emploi ou en contrat courte dur\u00e9e, familles monoparentales, allocataires du RSA, int\u00e9rimaires, apprentis, saisonniers\u2026 <br>Un v\u00e9lo adapt\u00e9 aux personnes en situation de handicap sera \u00e9galement propos\u00e9 \u00e0 la location.<\/p>\n\n\n\n<p class=\"has-text-align-center\">\u00ab V\u00e9lo pour Tous ! \u00bb propose des <strong>locations d\u2019une dur\u00e9e<\/strong> allant principalement <strong>de 1 \u00e0 6 mois<\/strong> \u00e0 <strong>tarifs r\u00e9duits<\/strong> afin que le prix ne soit plus un frein pour se d\u00e9placer sur le territoire. Si vous \u00eates int\u00e9ress\u00e9 pour louer un v\u00e9lo, il suffit de contacter l\u2019association partenaire la plus proche de chez vous parmi celles-ci-dessous :<\/p>\n<\/div>\n<\/div>\n\n\n\n<ul class=\"wp-block-list\">\n<li class=\"has-medium-font-size\"><strong>Le Centre Social du Carrefour des Habitants \u00e0 Nyons au 04 75 26 47 31<\/strong><\/li>\n\n\n\n<li class=\"has-medium-font-size\"><strong>La Maison Constantin \u00e0 Nyons au 04 75 26 60 56<\/strong><\/li>\n\n\n\n<li class=\"has-medium-font-size\"><strong>L\u2019Association Familiale des Baronnies \u00e0 Buis-les-Baronnies au 04 75 28 17 28<\/strong><\/li>\n\n\n\n<li class=\"has-medium-font-size\"><strong>L&#8217;Association d&#8217;Animation Sociale du Haut-Nyonsais \u00e0 Curnier au 04 75 27 45 39<\/strong><\/li>\n<\/ul>\n\n\n\n<p>Ce nouveau service de location longue dur\u00e9e de v\u00e9los \u00e0 assistance \u00e9lectrique est financ\u00e9 par la Communaut\u00e9 de Communes en partenariat avec la R\u00e9gion Auvergne Rh\u00f4ne-Alpes pour l\u2019achat des v\u00e9los ainsi que la Direction R\u00e9gionale de l\u2019Economie, de l\u2019Emploi et des Solidarit\u00e9 (DREETS) Auvergne Rh\u00f4ne Alpes et l\u2019Agence Nationale de la Coh\u00e9sion des Territoires (ANCT). Christelle RUYSSCHAERT, Vice-Pr\u00e9sidente de la CCBDP d\u00e9l\u00e9gu\u00e9e \u00e0 l\u2019Am\u00e9nagement du Territoire en charge de la question des mobilit\u00e9s souhaite qu\u2019en d\u00e9veloppant et encourageant l\u2019utilisation des mobilit\u00e9s douces, la Communaut\u00e9 de Communes et ses partenaires r\u00e9pondent concr\u00e8tement aux enjeux de mobilit\u00e9 sur notre territoire tout en r\u00e9pondant aux enjeux environnementaux actuels.<\/p>\n","protected":false},"excerpt":{"rendered":"<p>&#8220;V\u00e9lo pour tous&#8221; arrive sur le territoire&#8230; La CCBDP lance un nouveau service de location longue dur\u00e9e de V\u00e9lo \u00e0 Assistance Electrique \u00ab V\u00e9lo Pour Tous ! \u00bb ou \u00ab V\u00e9lo pour Tous \u00bb un nouveau service de location de v\u00e9los \u00e0 assistance \u00e9lectrique longue dur\u00e9e lanc\u00e9e par la CCBDP. En partenariat avec 4 associations &hellip;<\/p>\n","protected":false},"author":8,"featured_media":3701,"comment_status":"closed","ping_status":"closed","sticky":false,"template":"","format":"standard","meta":{"footnotes":""},"categories":[30],"tags":[43,36,34,35,65,64,63,62],"class_list":["post-3692","post","type-post","status-publish","format-standard","has-post-thumbnail","hentry","category-archives-actualites-mobilite","tag-association","tag-baronnies","tag-centre-social","tag-habitants","tag-longue-duree","tag-pour-tous","tag-tarif-reduit","tag-velo"],"_links":{"self":[{"href":"https:\/\/afb26.org\/index.php?rest_route=\/wp\/v2\/posts\/3692","targetHints":{"allow":["GET"]}}],"collection":[{"href":"https:\/\/afb26.org\/index.php?rest_route=\/wp\/v2\/posts"}],"about":[{"href":"https:\/\/afb26.org\/index.php?rest_route=\/wp\/v2\/types\/post"}],"author":[{"embeddable":true,"href":"https:\/\/afb26.org\/index.php?rest_route=\/wp\/v2\/users\/8"}],"replies":[{"embeddable":true,"href":"https:\/\/afb26.org\/index.php?rest_route=%2Fwp%2Fv2%2Fcomments&post=3692"}],"version-history":[{"count":10,"href":"https:\/\/afb26.org\/index.php?rest_route=\/wp\/v2\/posts\/3692\/revisions"}],"predecessor-version":[{"id":5279,"href":"https:\/\/afb26.org\/index.php?rest_route=\/wp\/v2\/posts\/3692\/revisions\/5279"}],"wp:featuredmedia":[{"embeddable":true,"href":"https:\/\/afb26.org\/index.php?rest_route=\/wp\/v2\/media\/3701"}],"wp:attachment":[{"href":"https:\/\/afb26.org\/index.php?rest_route=%2Fwp%2Fv2%2Fmedia&parent=3692"}],"wp:term":[{"taxonomy":"category","embeddable":true,"href":"https:\/\/afb26.org\/index.php?rest_route=%2Fwp%2Fv2%2Fcategories&post=3692"},{"taxonomy":"post_tag","embeddable":true,"href":"https:\/\/afb26.org\/index.php?rest_route=%2Fwp%2Fv2%2Ftags&post=3692"}],"curies":[{"name":"wp","href":"https:\/\/api.w.org\/{rel}","templated":true}]}}