{"id":5433,"date":"2024-10-18T16:35:12","date_gmt":"2024-10-18T14:35:12","guid":{"rendered":"https:\/\/afb26.org\/?p=5433"},"modified":"2024-12-05T16:18:08","modified_gmt":"2024-12-05T15:18:08","slug":"programme-vacances-dautomne-2024","status":"publish","type":"post","link":"https:\/\/afb26.org\/?p=5433","title":{"rendered":"Programme Vacances d&#8217;Automne 2024"},"content":{"rendered":"\n<p class=\"has-text-align-center\">Un projet continu d&#8217;\u00e9co-construction et jardin au Chat Bott\u00e9 <br>Des moments de partage entre les tranches d&#8217;\u00e2ge<\/p>\n\n\n\n<p class=\"has-text-align-center\">On profite de cette belle saison qu&#8217;est l&#8217;automne et on se connecte les uns aux autres<\/p>\n\n\n\n<p class=\"has-text-align-center\">Nouveaut\u00e9 ! Les 3-4ans sont accueillis au Chat Bott\u00e9 d\u00e8s leur arriv\u00e9e et se nomment les Sauterelles !<\/p>\n\n\n\n<figure class=\"wp-block-image size-large\"><img decoding=\"async\" src=\"https:\/\/afb26.org\/wp-content\/uploads\/2024\/10\/11-1024x724.png\" alt=\"Un projet continu de construire un barbecue en terre-paille\nDes moments de partage entre les tranches d'\u00e2ge\" class=\"wp-image-5435\"\/><\/figure>\n\n\n\n<p class=\"has-text-align-center\">A noter la sortie cin\u00e9ma le 22 pour les plus de 5 ans et cin\u00e9 au Chat Bott\u00e9 pour les moins de 5ans<\/p>\n\n\n\n<p class=\"has-text-align-center\">Un pique-nique \u00e0 pr\u00e9voir le mercredi 23 si la m\u00e9t\u00e9o se maintient<\/p>\n\n\n\n<figure class=\"wp-block-image size-large\"><img decoding=\"async\" src=\"https:\/\/afb26.org\/wp-content\/uploads\/2024\/10\/21-1-1024x724.png\" alt=\"\" class=\"wp-image-5437\"\/><\/figure>\n\n\n\n<p class=\"has-text-align-center\">Le mardi 29 nous assisterons au spectacle \u00e0 La Palun \u00e0 16h et les parents sont invit\u00e9s \u00e0 venir partager le go\u00fbter et retrouver leurs enfants sur place jusqu&#8217;\u00e0 17h15 ou au Chat Bott\u00e9 pour 17h30<\/p>\n\n\n\n<p>Un pique-nique est \u00e0 pr\u00e9voir le mercredi 30 et pensez \u00e0 mettre des grillades car il y aura un barbecue <\/p>\n","protected":false},"excerpt":{"rendered":"<p>Un projet continu d&#8217;\u00e9co-construction et jardin au Chat Bott\u00e9 Des moments de partage entre les tranches d&#8217;\u00e2ge On profite de cette belle saison qu&#8217;est l&#8217;automne et on se connecte les uns aux autres Nouveaut\u00e9 ! Les 3-4ans sont accueillis au Chat Bott\u00e9 d\u00e8s leur arriv\u00e9e et se nomment les Sauterelles ! A noter la sortie &hellip;<\/p>\n","protected":false},"author":6,"featured_media":0,"comment_status":"closed","ping_status":"closed","sticky":true,"template":"","format":"standard","meta":{"footnotes":""},"categories":[1],"tags":[59],"class_list":["post-5433","post","type-post","status-publish","format-standard","hentry","category-non-classe","tag-vacances"],"_links":{"self":[{"href":"https:\/\/afb26.org\/index.php?rest_route=\/wp\/v2\/posts\/5433","targetHints":{"allow":["GET"]}}],"collection":[{"href":"https:\/\/afb26.org\/index.php?rest_route=\/wp\/v2\/posts"}],"about":[{"href":"https:\/\/afb26.org\/index.php?rest_route=\/wp\/v2\/types\/post"}],"author":[{"embeddable":true,"href":"https:\/\/afb26.org\/index.php?rest_route=\/wp\/v2\/users\/6"}],"replies":[{"embeddable":true,"href":"https:\/\/afb26.org\/index.php?rest_route=%2Fwp%2Fv2%2Fcomments&post=5433"}],"version-history":[{"count":2,"href":"https:\/\/afb26.org\/index.php?rest_route=\/wp\/v2\/posts\/5433\/revisions"}],"predecessor-version":[{"id":5439,"href":"https:\/\/afb26.org\/index.php?rest_route=\/wp\/v2\/posts\/5433\/revisions\/5439"}],"wp:attachment":[{"href":"https:\/\/afb26.org\/index.php?rest_route=%2Fwp%2Fv2%2Fmedia&parent=5433"}],"wp:term":[{"taxonomy":"category","embeddable":true,"href":"https:\/\/afb26.org\/index.php?rest_route=%2Fwp%2Fv2%2Fcategories&post=5433"},{"taxonomy":"post_tag","embeddable":true,"href":"https:\/\/afb26.org\/index.php?rest_route=%2Fwp%2Fv2%2Ftags&post=5433"}],"curies":[{"name":"wp","href":"https:\/\/api.w.org\/{rel}","templated":true}]}}