{"id":5630,"date":"2025-01-22T11:53:15","date_gmt":"2025-01-22T10:53:15","guid":{"rendered":"https:\/\/afb26.org\/?p=5630"},"modified":"2025-01-22T12:16:01","modified_gmt":"2025-01-22T11:16:01","slug":"creation-dun-collectif-de-tricot-solidaire","status":"publish","type":"post","link":"https:\/\/afb26.org\/?p=5630","title":{"rendered":"Cr\u00e9ation d&#8217;un collectif de Tricot Solidaire"},"content":{"rendered":"\n<div class=\"wp-block-media-text is-stacked-on-mobile\" style=\"grid-template-columns:25% auto\"><figure class=\"wp-block-media-text__media\"><img loading=\"lazy\" decoding=\"async\" width=\"724\" height=\"1024\" src=\"https:\/\/afb26.org\/wp-content\/uploads\/2025\/01\/1-1-724x1024.jpg\" alt=\"\" class=\"wp-image-5631 size-full\" srcset=\"https:\/\/afb26.org\/wp-content\/uploads\/2025\/01\/1-1-724x1024.jpg 724w, https:\/\/afb26.org\/wp-content\/uploads\/2025\/01\/1-1-212x300.jpg 212w, https:\/\/afb26.org\/wp-content\/uploads\/2025\/01\/1-1-768x1086.jpg 768w, https:\/\/afb26.org\/wp-content\/uploads\/2025\/01\/1-1-1086x1536.jpg 1086w, https:\/\/afb26.org\/wp-content\/uploads\/2025\/01\/1-1.jpg 1414w\" sizes=\"auto, (max-width: 724px) 100vw, 724px\" \/><\/figure><div class=\"wp-block-media-text__content\">\n<p class=\"has-suki-color-2-color has-text-color has-regular-font-size\"><em><strong>Un collectif de tricot solidaire en cr\u00e9ation !<\/strong><\/em><\/p>\n\n\n\n<p class=\"has-regular-font-size\">Que vous ayez envie d\u2019apprendre le tricot, que vous soyez d\u00e9butante ou experte\u2026<\/p>\n\n\n\n<p class=\"has-regular-font-size\"><a><\/a>Venez rejoindre le collectif !!<\/p>\n\n\n\n<p class=\"has-regular-font-size\">L\u2019id\u00e9e est de cr\u00e9er du lien, des moments conviviaux, d&#8217;apprendre si l&#8217;on a envie, de pratiquer et d&#8217;\u00e9changer sur les pratiques pour les plus exp\u00e9riment\u00e9es. Tout \u00e7a autour du tricot et au profit de personnes dans le besoin.<\/p>\n\n\n\n<p class=\"has-regular-font-size\">Marie-Paule est \u00e0 votre disposition pour toute demande de renseignements.<\/p>\n\n\n\n<p class=\"has-regular-font-size\">Ce projet est \u00e0 construire ensemble, selon les envies et les disponibilit\u00e9s de chacun.e.s. <\/p>\n<\/div><\/div>\n\n\n\n<p class=\"has-suki-color-5-color has-text-color has-regular-font-size\"><strong><em>\u00e7a se passe au Centre Social : <\/em><\/strong><\/p>\n\n\n\n<div class=\"wp-block-columns is-layout-flex wp-container-core-columns-is-layout-9d6595d7 wp-block-columns-is-layout-flex\">\n<div class=\"wp-block-column is-layout-flow wp-block-column-is-layout-flow\"><div class=\"wp-block-image\">\n<figure class=\"alignleft size-full\"><a href=\"https:\/\/afb26.org\/?page_id=3352\"><img loading=\"lazy\" decoding=\"async\" width=\"1080\" height=\"1350\" src=\"https:\/\/afb26.org\/wp-content\/uploads\/2025\/01\/Couture-2024-1080-x-1350-px.png\" alt=\"\" class=\"wp-image-5611\" srcset=\"https:\/\/afb26.org\/wp-content\/uploads\/2025\/01\/Couture-2024-1080-x-1350-px.png 1080w, https:\/\/afb26.org\/wp-content\/uploads\/2025\/01\/Couture-2024-1080-x-1350-px-240x300.png 240w, https:\/\/afb26.org\/wp-content\/uploads\/2025\/01\/Couture-2024-1080-x-1350-px-819x1024.png 819w, https:\/\/afb26.org\/wp-content\/uploads\/2025\/01\/Couture-2024-1080-x-1350-px-768x960.png 768w\" sizes=\"auto, (max-width: 1080px) 100vw, 1080px\" \/><\/a><figcaption class=\"wp-element-caption\">Ateliers couture et Tricot<\/figcaption><\/figure>\n<\/div><\/div>\n\n\n\n<div class=\"wp-block-column is-layout-flow wp-block-column-is-layout-flow\"><div class=\"wp-block-image\">\n<figure class=\"alignleft size-full is-resized\"><a href=\"https:\/\/afb26.org\/?page_id=3352\"><img decoding=\"async\" src=\"https:\/\/afb26.org\/wp-content\/uploads\/2025\/01\/Ecrans-et-Parentalite-conference.jpg\" alt=\"\" class=\"wp-image-5569\" width=\"200\" srcset=\"https:\/\/afb26.org\/wp-content\/uploads\/2025\/01\/Ecrans-et-Parentalite-conference.jpg 1414w, https:\/\/afb26.org\/wp-content\/uploads\/2025\/01\/Ecrans-et-Parentalite-conference-212x300.jpg 212w, https:\/\/afb26.org\/wp-content\/uploads\/2025\/01\/Ecrans-et-Parentalite-conference-724x1024.jpg 724w, https:\/\/afb26.org\/wp-content\/uploads\/2025\/01\/Ecrans-et-Parentalite-conference-768x1086.jpg 768w, https:\/\/afb26.org\/wp-content\/uploads\/2025\/01\/Ecrans-et-Parentalite-conference-1086x1536.jpg 1086w\" sizes=\"(max-width: 1414px) 100vw, 1414px\" \/><\/a><figcaption class=\"wp-element-caption\">Conf\u00e9rence suivie d&#8217;une table ronde<\/figcaption><\/figure>\n<\/div><\/div>\n\n\n\n<div class=\"wp-block-column is-layout-flow wp-block-column-is-layout-flow\"><div class=\"wp-block-image\">\n<figure class=\"alignleft size-full is-resized\"><a href=\"https:\/\/afb26.org\/?page_id=3352\"><img decoding=\"async\" src=\"https:\/\/afb26.org\/wp-content\/uploads\/2025\/01\/affiche-chantons-pour-le-plair-detre-ensemble-1.png\" alt=\"\" class=\"wp-image-5645\" width=\"200\" srcset=\"https:\/\/afb26.org\/wp-content\/uploads\/2025\/01\/affiche-chantons-pour-le-plair-detre-ensemble-1.png 1587w, https:\/\/afb26.org\/wp-content\/uploads\/2025\/01\/affiche-chantons-pour-le-plair-detre-ensemble-1-212x300.png 212w, https:\/\/afb26.org\/wp-content\/uploads\/2025\/01\/affiche-chantons-pour-le-plair-detre-ensemble-1-724x1024.png 724w, https:\/\/afb26.org\/wp-content\/uploads\/2025\/01\/affiche-chantons-pour-le-plair-detre-ensemble-1-768x1086.png 768w, https:\/\/afb26.org\/wp-content\/uploads\/2025\/01\/affiche-chantons-pour-le-plair-detre-ensemble-1-1086x1536.png 1086w, https:\/\/afb26.org\/wp-content\/uploads\/2025\/01\/affiche-chantons-pour-le-plair-detre-ensemble-1-1448x2048.png 1448w\" sizes=\"(max-width: 1587px) 100vw, 1587px\" \/><\/a><figcaption class=\"wp-element-caption\">Ateliers chant, gratuit, \u00e0 partir de 60 ans<\/figcaption><\/figure>\n<\/div><\/div>\n<\/div>\n","protected":false},"excerpt":{"rendered":"<p>Un collectif de tricot solidaire en cr\u00e9ation ! Que vous ayez envie d\u2019apprendre le tricot, que vous soyez d\u00e9butante ou experte\u2026 Venez rejoindre le collectif !! L\u2019id\u00e9e est de cr\u00e9er du lien, des moments conviviaux, d&#8217;apprendre si l&#8217;on a envie, de pratiquer et d&#8217;\u00e9changer sur les pratiques pour les plus exp\u00e9riment\u00e9es. Tout \u00e7a autour du &hellip;<\/p>\n","protected":false},"author":8,"featured_media":5537,"comment_status":"closed","ping_status":"closed","sticky":false,"template":"","format":"standard","meta":{"footnotes":""},"categories":[2,56],"tags":[36,76,35,47,73,74,75],"class_list":["post-5630","post","type-post","status-publish","format-standard","has-post-thumbnail","hentry","category-actus-afb","category-les-actualites-du-territoire","tag-baronnies","tag-collectif","tag-habitants","tag-loisirs","tag-partage","tag-solidaire","tag-tricot"],"_links":{"self":[{"href":"https:\/\/afb26.org\/index.php?rest_route=\/wp\/v2\/posts\/5630","targetHints":{"allow":["GET"]}}],"collection":[{"href":"https:\/\/afb26.org\/index.php?rest_route=\/wp\/v2\/posts"}],"about":[{"href":"https:\/\/afb26.org\/index.php?rest_route=\/wp\/v2\/types\/post"}],"author":[{"embeddable":true,"href":"https:\/\/afb26.org\/index.php?rest_route=\/wp\/v2\/users\/8"}],"replies":[{"embeddable":true,"href":"https:\/\/afb26.org\/index.php?rest_route=%2Fwp%2Fv2%2Fcomments&post=5630"}],"version-history":[{"count":7,"href":"https:\/\/afb26.org\/index.php?rest_route=\/wp\/v2\/posts\/5630\/revisions"}],"predecessor-version":[{"id":5646,"href":"https:\/\/afb26.org\/index.php?rest_route=\/wp\/v2\/posts\/5630\/revisions\/5646"}],"wp:featuredmedia":[{"embeddable":true,"href":"https:\/\/afb26.org\/index.php?rest_route=\/wp\/v2\/media\/5537"}],"wp:attachment":[{"href":"https:\/\/afb26.org\/index.php?rest_route=%2Fwp%2Fv2%2Fmedia&parent=5630"}],"wp:term":[{"taxonomy":"category","embeddable":true,"href":"https:\/\/afb26.org\/index.php?rest_route=%2Fwp%2Fv2%2Fcategories&post=5630"},{"taxonomy":"post_tag","embeddable":true,"href":"https:\/\/afb26.org\/index.php?rest_route=%2Fwp%2Fv2%2Ftags&post=5630"}],"curies":[{"name":"wp","href":"https:\/\/api.w.org\/{rel}","templated":true}]}}