{"id":5638,"date":"2025-01-22T12:02:28","date_gmt":"2025-01-22T11:02:28","guid":{"rendered":"https:\/\/afb26.org\/?p=5638"},"modified":"2025-04-28T17:09:25","modified_gmt":"2025-04-28T15:09:25","slug":"atelier-couture-special-carnaval","status":"publish","type":"post","link":"https:\/\/afb26.org\/?p=5638","title":{"rendered":"Atelier Couture : Sp\u00e9cial Carnaval"},"content":{"rendered":"\n<div class=\"wp-block-media-text alignwide is-stacked-on-mobile\" style=\"grid-template-columns:25% auto\"><figure class=\"wp-block-media-text__media\"><img loading=\"lazy\" decoding=\"async\" width=\"724\" height=\"1024\" src=\"https:\/\/afb26.org\/wp-content\/uploads\/2025\/01\/Couture-spe-carnavalDocument-A4-724x1024.png\" alt=\"\" class=\"wp-image-5640 size-full\" srcset=\"https:\/\/afb26.org\/wp-content\/uploads\/2025\/01\/Couture-spe-carnavalDocument-A4-724x1024.png 724w, https:\/\/afb26.org\/wp-content\/uploads\/2025\/01\/Couture-spe-carnavalDocument-A4-212x300.png 212w, https:\/\/afb26.org\/wp-content\/uploads\/2025\/01\/Couture-spe-carnavalDocument-A4-768x1086.png 768w, https:\/\/afb26.org\/wp-content\/uploads\/2025\/01\/Couture-spe-carnavalDocument-A4-1086x1536.png 1086w, https:\/\/afb26.org\/wp-content\/uploads\/2025\/01\/Couture-spe-carnavalDocument-A4.png 1414w\" sizes=\"auto, (max-width: 724px) 100vw, 724px\" \/><\/figure><div class=\"wp-block-media-text__content\">\n<p class=\"has-text-align-left has-suki-color-1-color has-text-color has-medium-font-size\"><div class=\"container\"><div><div class=\"container\"><div class=\"row\"><div class=\"col-lg-6 col-xs-12\"><div style=\"margin-top: 30px;\">                     <p><strong>Le Carnaval approche \u00e0 Buis les Baronnies !!<\/strong><\/p> <p>L&#8217;atelier couture prends un petit air de f\u00eate !\u00a0<\/p> <p>Venez le vendredi 7 f\u00e9vrier de 14h \u00e0 18h au Centre Social :\u00a0<\/p> <ul><li>si vous avez un projet de couture de costume<\/li><\/ul><\/div><\/div><\/div><\/div><\/div><\/div><\/p>\n\n\n\n<p class=\"has-text-align-left has-suki-color-1-color has-text-color has-medium-font-size\"><div class=\"container\"><div><div class=\"container\"><div class=\"row\"><div class=\"col-lg-6 col-xs-12\"><div style=\"margin-top: 30px;\"><ul><li>ou si vous voulez participer aux 2 ateliers qui se profilent :  fabrication de Capes et fabrication de masques, sur le th\u00e8me des  animaux.\u00a0<\/li><\/ul> <p>Dans le cadre des cet atelier nous lan\u00e7ons un <strong>appel aux dons<\/strong> de <strong>tissus motifs animaux<\/strong>.<\/p><\/div><\/div><\/div><\/div><\/div><\/div><\/p>\n\n\n\n<p class=\"has-text-align-left has-suki-color-1-color has-text-color has-medium-font-size\"><strong>O\u00f9 :<\/strong> au Centre Social AFB (en face de la poste) salle du 1e \u00e9tage<\/p>\n\n\n\n<p class=\"has-text-align-left has-suki-color-1-color has-text-color has-medium-font-size\"><strong>Quand : <\/strong>le vendredi 7\/02\/2025 de 14h \u00e0 18h<\/p>\n\n\n\n<p class=\"has-text-align-left has-suki-color-1-color has-text-color has-medium-font-size\"><strong>On am\u00e8ne quoi ?<\/strong> des tissus th\u00e8me animaux si vous en avez, du fil, des accessoires de customisation, tout ce qui traine dans vos placards et pourrait \u00e9gayer les cr\u00e9ations ou un patron et le mat\u00e9riel si vous avez un projet pr\u00e9cis de costume.<div class=\"container\"><div><div class=\"container\"><div class=\"row\"><div class=\"col-lg-6 col-xs-12\"><div style=\"margin-top: 30px;\"> <p>Merci d&#8217;avance et \u00e0 bient\u00f4t !<\/p>                 <\/div><\/div><\/div><\/div><\/div><\/div><\/p>\n<\/div><\/div>\n","protected":false},"excerpt":{"rendered":"<p>Le Carnaval approche \u00e0 Buis les Baronnies !! L&#8217;atelier couture prends un petit air de f\u00eate !\u00a0 Venez le vendredi 7 f\u00e9vrier de 14h \u00e0 18h au Centre Social :\u00a0 si vous avez un projet de couture de costume ou si vous voulez participer aux 2 ateliers qui se profilent : fabrication de Capes et &hellip;<\/p>\n","protected":false},"author":8,"featured_media":5640,"comment_status":"closed","ping_status":"closed","sticky":false,"template":"","format":"standard","meta":{"footnotes":""},"categories":[1],"tags":[],"class_list":["post-5638","post","type-post","status-publish","format-standard","has-post-thumbnail","hentry","category-non-classe"],"_links":{"self":[{"href":"https:\/\/afb26.org\/index.php?rest_route=\/wp\/v2\/posts\/5638","targetHints":{"allow":["GET"]}}],"collection":[{"href":"https:\/\/afb26.org\/index.php?rest_route=\/wp\/v2\/posts"}],"about":[{"href":"https:\/\/afb26.org\/index.php?rest_route=\/wp\/v2\/types\/post"}],"author":[{"embeddable":true,"href":"https:\/\/afb26.org\/index.php?rest_route=\/wp\/v2\/users\/8"}],"replies":[{"embeddable":true,"href":"https:\/\/afb26.org\/index.php?rest_route=%2Fwp%2Fv2%2Fcomments&post=5638"}],"version-history":[{"count":2,"href":"https:\/\/afb26.org\/index.php?rest_route=\/wp\/v2\/posts\/5638\/revisions"}],"predecessor-version":[{"id":5642,"href":"https:\/\/afb26.org\/index.php?rest_route=\/wp\/v2\/posts\/5638\/revisions\/5642"}],"wp:featuredmedia":[{"embeddable":true,"href":"https:\/\/afb26.org\/index.php?rest_route=\/wp\/v2\/media\/5640"}],"wp:attachment":[{"href":"https:\/\/afb26.org\/index.php?rest_route=%2Fwp%2Fv2%2Fmedia&parent=5638"}],"wp:term":[{"taxonomy":"category","embeddable":true,"href":"https:\/\/afb26.org\/index.php?rest_route=%2Fwp%2Fv2%2Fcategories&post=5638"},{"taxonomy":"post_tag","embeddable":true,"href":"https:\/\/afb26.org\/index.php?rest_route=%2Fwp%2Fv2%2Ftags&post=5638"}],"curies":[{"name":"wp","href":"https:\/\/api.w.org\/{rel}","templated":true}]}}