{"id":5643,"date":"2025-12-16T14:22:00","date_gmt":"2025-12-16T13:22:00","guid":{"rendered":"https:\/\/afb26.org\/?p=5643"},"modified":"2026-01-06T14:28:14","modified_gmt":"2026-01-06T13:28:14","slug":"les-dates-du-repair-cafe","status":"publish","type":"post","link":"https:\/\/afb26.org\/?p=5643","title":{"rendered":"Les dates du Repair Caf\u00e9 en 2026"},"content":{"rendered":"\n<h2 class=\"wp-block-heading\">Repair Caf\u00e9 &#8211; les dates du 1er trimestre 2026<\/h2>\n\n\n\n<div class=\"wp-block-media-text alignwide is-stacked-on-mobile\" style=\"grid-template-columns:33% auto\"><figure class=\"wp-block-media-text__media\"><img loading=\"lazy\" decoding=\"async\" width=\"819\" height=\"1024\" src=\"https:\/\/afb26.org\/wp-content\/uploads\/2025\/12\/Repair-Cafe-T1-2026-Instagram-45-819x1024.png\" alt=\"\" class=\"wp-image-7154 size-full\" srcset=\"https:\/\/afb26.org\/wp-content\/uploads\/2025\/12\/Repair-Cafe-T1-2026-Instagram-45-819x1024.png 819w, https:\/\/afb26.org\/wp-content\/uploads\/2025\/12\/Repair-Cafe-T1-2026-Instagram-45-240x300.png 240w, https:\/\/afb26.org\/wp-content\/uploads\/2025\/12\/Repair-Cafe-T1-2026-Instagram-45-768x960.png 768w, https:\/\/afb26.org\/wp-content\/uploads\/2025\/12\/Repair-Cafe-T1-2026-Instagram-45.png 1080w\" sizes=\"auto, (max-width: 819px) 100vw, 819px\" \/><\/figure><div class=\"wp-block-media-text__content\">\n<p class=\"has-medium-font-size\">Le Repair Caf\u00e9 est un atelier de co-r\u00e9paration, o\u00f9 l&#8217;on peut venir r\u00e9parer ses petits appareils \u00e9lectro-m\u00e9nager en panne, avec l&#8217;aide des b\u00e9n\u00e9voles et de tout le mat\u00e9riel n\u00e9cessaire. <\/p>\n\n\n\n<p class=\"has-medium-font-size\">Cr\u00e9\u00e9 en septembre 2024, le Repair Caf\u00e9 de Buis est n\u00e9 d&#8217;une initiative citoyenne port\u00e9e par un groupe d&#8217;habitants et accompagn\u00e9e par la r\u00e9f\u00e9rente famille du Centre Social AFB.<\/p>\n\n\n\n<p class=\"has-medium-font-size\">La devise : On r\u00e9pare, et \u00e7a repart !! L&#8217;objectif \u00e9tant de limiter les d\u00e9chets et d&#8217;\u00e9viter la surconsommation, le tout dans un esprit d&#8217;entraide et de convivialit\u00e9 !<\/p>\n\n\n\n<p class=\"has-medium-font-size\">Tous les 10 jours environ, en alternant :<\/p>\n\n\n\n<ul class=\"wp-block-list\">\n<li class=\"has-medium-font-size\">le mercredi de 17h \u00e0 19h<\/li>\n\n\n\n<li class=\"has-medium-font-size\">le samedi de 10h \u00e0 12h<\/li>\n<\/ul>\n\n\n\n<p class=\"has-medium-font-size\">O\u00f9 : Dans le pavillon de la place Quinconce \u00e0 Buis (ancien office du tourisme)<\/p>\n\n\n\n<p class=\"has-regular-font-size\">Sans rendez-vous. <\/p>\n\n\n\n<p class=\"has-regular-font-size\">La signature de la Charte est obligatoire sur place. Vous pouvez la consulter ci-dessous.<\/p>\n<\/div><\/div>\n\n\n\n<div data-wp-interactive=\"core\/file\" class=\"wp-block-file\"><object data-wp-bind--hidden=\"!state.hasPdfPreview\" hidden class=\"wp-block-file__embed\" data=\"https:\/\/afb26.org\/wp-content\/uploads\/2025\/01\/Charte-du-Repair-Cafe-BUIS.pdf\" type=\"application\/pdf\" style=\"width:100%;height:500px\" aria-label=\"Contenu embarqu\u00e9 Charte du Repair Caf\u00e9 BUIS.\"><\/object><a id=\"wp-block-file--media-3f9e3a94-44bb-4c77-8eb1-2eaad1c949a1\" href=\"https:\/\/afb26.org\/wp-content\/uploads\/2025\/01\/Charte-du-Repair-Cafe-BUIS.pdf\">Charte du Repair Caf\u00e9 BUIS<\/a><a href=\"https:\/\/afb26.org\/wp-content\/uploads\/2025\/01\/Charte-du-Repair-Cafe-BUIS.pdf\" class=\"wp-block-file__button wp-element-button\" download aria-describedby=\"wp-block-file--media-3f9e3a94-44bb-4c77-8eb1-2eaad1c949a1\">T\u00e9l\u00e9charger<\/a><\/div>\n","protected":false},"excerpt":{"rendered":"<p>Repair Caf\u00e9 &#8211; les dates du 1er trimestre 2026<\/p>\n","protected":false},"author":9,"featured_media":7154,"comment_status":"closed","ping_status":"closed","sticky":false,"template":"","format":"standard","meta":{"footnotes":""},"categories":[2,56],"tags":[],"class_list":["post-5643","post","type-post","status-publish","format-standard","has-post-thumbnail","hentry","category-actus-afb","category-les-actualites-du-territoire"],"_links":{"self":[{"href":"https:\/\/afb26.org\/index.php?rest_route=\/wp\/v2\/posts\/5643","targetHints":{"allow":["GET"]}}],"collection":[{"href":"https:\/\/afb26.org\/index.php?rest_route=\/wp\/v2\/posts"}],"about":[{"href":"https:\/\/afb26.org\/index.php?rest_route=\/wp\/v2\/types\/post"}],"author":[{"embeddable":true,"href":"https:\/\/afb26.org\/index.php?rest_route=\/wp\/v2\/users\/9"}],"replies":[{"embeddable":true,"href":"https:\/\/afb26.org\/index.php?rest_route=%2Fwp%2Fv2%2Fcomments&post=5643"}],"version-history":[{"count":8,"href":"https:\/\/afb26.org\/index.php?rest_route=\/wp\/v2\/posts\/5643\/revisions"}],"predecessor-version":[{"id":7155,"href":"https:\/\/afb26.org\/index.php?rest_route=\/wp\/v2\/posts\/5643\/revisions\/7155"}],"wp:featuredmedia":[{"embeddable":true,"href":"https:\/\/afb26.org\/index.php?rest_route=\/wp\/v2\/media\/7154"}],"wp:attachment":[{"href":"https:\/\/afb26.org\/index.php?rest_route=%2Fwp%2Fv2%2Fmedia&parent=5643"}],"wp:term":[{"taxonomy":"category","embeddable":true,"href":"https:\/\/afb26.org\/index.php?rest_route=%2Fwp%2Fv2%2Fcategories&post=5643"},{"taxonomy":"post_tag","embeddable":true,"href":"https:\/\/afb26.org\/index.php?rest_route=%2Fwp%2Fv2%2Ftags&post=5643"}],"curies":[{"name":"wp","href":"https:\/\/api.w.org\/{rel}","templated":true}]}}