{"id":5775,"date":"2025-02-27T12:26:19","date_gmt":"2025-02-27T11:26:19","guid":{"rendered":"https:\/\/afb26.org\/?p=5775"},"modified":"2025-06-03T14:34:06","modified_gmt":"2025-06-03T12:34:06","slug":"mobilite-du-nouveau-pour-le-territoire","status":"publish","type":"post","link":"https:\/\/afb26.org\/?p=5775","title":{"rendered":"Mobilit\u00e9 : du nouveau pour le territoire"},"content":{"rendered":"\n<div class=\"wp-block-media-text is-stacked-on-mobile\" style=\"grid-template-columns:35% auto\"><figure class=\"wp-block-media-text__media\"><img loading=\"lazy\" decoding=\"async\" width=\"734\" height=\"867\" src=\"https:\/\/afb26.org\/wp-content\/uploads\/2025\/02\/IMG_2769.png\" alt=\"\" class=\"wp-image-5776 size-full\" srcset=\"https:\/\/afb26.org\/wp-content\/uploads\/2025\/02\/IMG_2769.png 734w, https:\/\/afb26.org\/wp-content\/uploads\/2025\/02\/IMG_2769-254x300.png 254w\" sizes=\"auto, (max-width: 734px) 100vw, 734px\" \/><\/figure><div class=\"wp-block-media-text__content\">\n<p class=\"has-suki-color-7-color has-text-color has-link-color has-medium-font-size wp-elements-54c8ec1c347872639f7c26f159f9a365\"><strong>La mobilit\u00e9 : un enjeux important sur notre territoire ! <\/strong><\/p>\n\n\n\n<p class=\"has-regular-font-size\">Se d\u00e9placer vers Nyons ou Vaison la romaine, est parfois difficile quand on n&#8217;est pas v\u00e9hicul\u00e9. Bonne nouvelle ! Un transports \u00e0 la demande vers Vaison ou Nyons est mis en place.<\/p>\n\n\n\n<p class=\"has-regular-font-size\">Une phase test est actuellement en cours jusqu\u2019au 31 ao\u00fbt 2025 pour proposer ce transport \u00e0 la demande SANS CONDITION DE CORRESPONDANCE de 9h \u00e0 19h du lundi au samedi (Sauf jours f\u00e9ri\u00e9s) pour les trajets BUIS \u2013 VAISON. Ce nouveau transport peut vous permettre de continuer sur la ligne de bus 985 du R\u00e9seau ZOU (R\u00e9gion PACA) pour rejoindre Avignon TGV (2 allers-retours par jour \u2013 1h05min).<\/p>\n\n\n\n<p class=\"has-regular-font-size\">Il s&#8217;agit due phase de test, donc faites circuler l&#8217;info au maximum, plus ce service sera utilis\u00e9, plus il aura de chance d&#8217;\u00eatre p\u00e9rennis\u00e9 ou de d\u00e9boucher sur un transport r\u00e9gulier entre les <strong>Communes du secteur de Buis-les-Baronnies<\/strong> et Nyons ou Vaison la Romaine.<\/p>\n\n\n\n<p class=\"has-suki-color-2-color has-text-color has-link-color has-regular-font-size wp-elements-0982c1661714a0861b968de778dadbab\"><strong>Demandes \u00e0 effectuer :<br>au plus t\u00f4t 1 mois \u00e0 l&#8217;avance<br>au plus tard la veille avant 16h (pour un transport le samedi effecteur la demande, au plus tard, le vendredi avant 16h)<\/strong><\/p>\n\n\n\n<p class=\"has-regular-font-size\"><a href=\"https:\/\/www.buislesbaronnies.fr\/transport-a-la-demande-et-particuliers\/\">plus d&#8217;infos<\/a><\/p>\n<\/div><\/div>\n\n\n\n<p><\/p>\n","protected":false},"excerpt":{"rendered":"<p>La mobilit\u00e9 : un enjeux important sur notre territoire ! Se d\u00e9placer vers Nyons ou Vaison la romaine, est parfois difficile quand on n&#8217;est pas v\u00e9hicul\u00e9. Bonne nouvelle ! Un transports \u00e0 la demande vers Vaison ou Nyons est mis en place. Une phase test est actuellement en cours jusqu\u2019au 31 ao\u00fbt 2025 pour proposer &hellip;<\/p>\n","protected":false},"author":8,"featured_media":5776,"comment_status":"closed","ping_status":"closed","sticky":false,"template":"","format":"standard","meta":{"footnotes":""},"categories":[2,7,1],"tags":[36,78,77,35,40,81,79,41,80],"class_list":["post-5775","post","type-post","status-publish","format-standard","has-post-thumbnail","hentry","category-actus-afb","category-mobilite","category-non-classe","tag-baronnies","tag-buis","tag-demande","tag-habitants","tag-mobilite","tag-nyons","tag-territoire","tag-transport","tag-vaison-la-rolmaine"],"_links":{"self":[{"href":"https:\/\/afb26.org\/index.php?rest_route=\/wp\/v2\/posts\/5775","targetHints":{"allow":["GET"]}}],"collection":[{"href":"https:\/\/afb26.org\/index.php?rest_route=\/wp\/v2\/posts"}],"about":[{"href":"https:\/\/afb26.org\/index.php?rest_route=\/wp\/v2\/types\/post"}],"author":[{"embeddable":true,"href":"https:\/\/afb26.org\/index.php?rest_route=\/wp\/v2\/users\/8"}],"replies":[{"embeddable":true,"href":"https:\/\/afb26.org\/index.php?rest_route=%2Fwp%2Fv2%2Fcomments&post=5775"}],"version-history":[{"count":6,"href":"https:\/\/afb26.org\/index.php?rest_route=\/wp\/v2\/posts\/5775\/revisions"}],"predecessor-version":[{"id":6306,"href":"https:\/\/afb26.org\/index.php?rest_route=\/wp\/v2\/posts\/5775\/revisions\/6306"}],"wp:featuredmedia":[{"embeddable":true,"href":"https:\/\/afb26.org\/index.php?rest_route=\/wp\/v2\/media\/5776"}],"wp:attachment":[{"href":"https:\/\/afb26.org\/index.php?rest_route=%2Fwp%2Fv2%2Fmedia&parent=5775"}],"wp:term":[{"taxonomy":"category","embeddable":true,"href":"https:\/\/afb26.org\/index.php?rest_route=%2Fwp%2Fv2%2Fcategories&post=5775"},{"taxonomy":"post_tag","embeddable":true,"href":"https:\/\/afb26.org\/index.php?rest_route=%2Fwp%2Fv2%2Ftags&post=5775"}],"curies":[{"name":"wp","href":"https:\/\/api.w.org\/{rel}","templated":true}]}}