{"id":5828,"date":"2025-03-25T10:11:55","date_gmt":"2025-03-25T09:11:55","guid":{"rendered":"https:\/\/afb26.org\/?p=5828"},"modified":"2025-05-13T11:20:59","modified_gmt":"2025-05-13T09:20:59","slug":"assemblee-generale-du-centre-social","status":"publish","type":"post","link":"https:\/\/afb26.org\/?p=5828","title":{"rendered":"Assembl\u00e9e G\u00e9n\u00e9rale du Centre Social !"},"content":{"rendered":"\n<h2 class=\"wp-block-heading\">Assembl\u00e9e G\u00e9n\u00e9rale du Centre Social !<\/h2>\n\n\n\n<div class=\"wp-block-media-text is-stacked-on-mobile\" style=\"grid-template-columns:30% auto\"><figure class=\"wp-block-media-text__media\"><img loading=\"lazy\" decoding=\"async\" width=\"724\" height=\"1024\" src=\"https:\/\/afb26.org\/wp-content\/uploads\/2025\/03\/AG-AFB-Centre-Social-20251-724x1024.png\" alt=\"\" class=\"wp-image-5826 size-full\" srcset=\"https:\/\/afb26.org\/wp-content\/uploads\/2025\/03\/AG-AFB-Centre-Social-20251-724x1024.png 724w, https:\/\/afb26.org\/wp-content\/uploads\/2025\/03\/AG-AFB-Centre-Social-20251-212x300.png 212w, https:\/\/afb26.org\/wp-content\/uploads\/2025\/03\/AG-AFB-Centre-Social-20251-768x1086.png 768w, https:\/\/afb26.org\/wp-content\/uploads\/2025\/03\/AG-AFB-Centre-Social-20251-1086x1536.png 1086w, https:\/\/afb26.org\/wp-content\/uploads\/2025\/03\/AG-AFB-Centre-Social-20251.png 1414w\" sizes=\"auto, (max-width: 724px) 100vw, 724px\" \/><\/figure><div class=\"wp-block-media-text__content\">\n<p class=\"has-text-align-center has-suki-color-2-color has-text-color has-link-color has-medium-font-size wp-elements-d42ae8c8746566183b8dc646d3c36eb8\"><strong>V<\/strong>ous \u00eates tous cordialement invit\u00e9s \u00e0&nbsp;<\/p>\n\n\n\n<p class=\"has-text-align-center has-suki-color-2-color has-text-color has-link-color has-medium-font-size wp-elements-a0a0d37ecb138948cf293add0a48cb80\">L&#8217;Assembl\u00e9e G\u00e9n\u00e9rale<em><\/em><\/p>\n\n\n\n<p class=\"has-text-align-center has-suki-color-2-color has-text-color has-link-color has-medium-font-size wp-elements-cff1172bcc7e58eeeb16352a42daf07d\">du <strong>C<\/strong><strong>entre <\/strong><strong>S<\/strong><strong>ocial <\/strong><em>&#8211; <\/em><strong>A<\/strong>ssociation <strong>F<\/strong>amiliale des <strong>B<\/strong>aronnies<strong>,<\/strong><strong><\/strong><\/p>\n\n\n\n<p class=\"has-text-align-center has-suki-color-2-color has-text-color has-link-color has-medium-font-size wp-elements-3dd78f15122eb2694c546b3e7d22fce3\">le &nbsp;Mercredi 26 mars 2025 \u00e0&nbsp; <strong>18h <\/strong>&nbsp;\u00e0&nbsp; l\u2019AFB<strong><em><\/em><\/strong><\/p>\n\n\n\n<p class=\"has-regular-font-size\"><strong>Ordre du jour<\/strong><strong> :<\/strong><\/p>\n\n\n\n<ul class=\"wp-block-list\">\n<li class=\"has-regular-font-size\">Rapport moral\u00a0de la pr\u00e9sidente ;<\/li>\n\n\n\n<li class=\"has-regular-font-size\">Compte rendu financier\u00a0;<\/li>\n\n\n\n<li class=\"has-regular-font-size\">Bilans des activit\u00e9s ;<\/li>\n\n\n\n<li class=\"has-regular-font-size\">\u00c9changes \u00a0&#8211; Projets futurs<\/li>\n\n\n\n<li class=\"has-regular-font-size\">\u00c9lection du Conseil d&#8217;Administration.<\/li>\n<\/ul>\n\n\n\n<p class=\"has-regular-font-size\"><strong>P<\/strong>arents, Habitants du territoire, vous pouvez rejoindre le conseil d&#8217;administration du Centre Social afin de donner votre avis et apporter vos id\u00e9es sur le fonctionnement des services de l&#8217;association.<\/p>\n\n\n\n<p class=\"has-regular-font-size\"><strong>L<\/strong>e conseil d&#8217;administration se r\u00e9unit une fois par trimestre pour d\u00e9terminer les orientations de chaque service et \u00e9ventuellement d\u00e9velopper d&#8217;autres actions.<\/p>\n<\/div><\/div>\n","protected":false},"excerpt":{"rendered":"<p>Assembl\u00e9e G\u00e9n\u00e9rale du Centre Social !<\/p>\n","protected":false},"author":8,"featured_media":5826,"comment_status":"closed","ping_status":"closed","sticky":false,"template":"","format":"standard","meta":{"footnotes":""},"categories":[25,1],"tags":[],"class_list":["post-5828","post","type-post","status-publish","format-standard","has-post-thumbnail","hentry","category-archives-actualites-afb","category-non-classe"],"_links":{"self":[{"href":"https:\/\/afb26.org\/index.php?rest_route=\/wp\/v2\/posts\/5828","targetHints":{"allow":["GET"]}}],"collection":[{"href":"https:\/\/afb26.org\/index.php?rest_route=\/wp\/v2\/posts"}],"about":[{"href":"https:\/\/afb26.org\/index.php?rest_route=\/wp\/v2\/types\/post"}],"author":[{"embeddable":true,"href":"https:\/\/afb26.org\/index.php?rest_route=\/wp\/v2\/users\/8"}],"replies":[{"embeddable":true,"href":"https:\/\/afb26.org\/index.php?rest_route=%2Fwp%2Fv2%2Fcomments&post=5828"}],"version-history":[{"count":3,"href":"https:\/\/afb26.org\/index.php?rest_route=\/wp\/v2\/posts\/5828\/revisions"}],"predecessor-version":[{"id":5831,"href":"https:\/\/afb26.org\/index.php?rest_route=\/wp\/v2\/posts\/5828\/revisions\/5831"}],"wp:featuredmedia":[{"embeddable":true,"href":"https:\/\/afb26.org\/index.php?rest_route=\/wp\/v2\/media\/5826"}],"wp:attachment":[{"href":"https:\/\/afb26.org\/index.php?rest_route=%2Fwp%2Fv2%2Fmedia&parent=5828"}],"wp:term":[{"taxonomy":"category","embeddable":true,"href":"https:\/\/afb26.org\/index.php?rest_route=%2Fwp%2Fv2%2Fcategories&post=5828"},{"taxonomy":"post_tag","embeddable":true,"href":"https:\/\/afb26.org\/index.php?rest_route=%2Fwp%2Fv2%2Ftags&post=5828"}],"curies":[{"name":"wp","href":"https:\/\/api.w.org\/{rel}","templated":true}]}}