{"id":5832,"date":"2025-03-25T10:22:52","date_gmt":"2025-03-25T09:22:52","guid":{"rendered":"https:\/\/afb26.org\/?p=5832"},"modified":"2025-04-28T17:07:46","modified_gmt":"2025-04-28T15:07:46","slug":"carnaval-buxois-2025","status":"publish","type":"post","link":"https:\/\/afb26.org\/?p=5832","title":{"rendered":"Carnaval Buxois 2025"},"content":{"rendered":"\n<h2 class=\"wp-block-heading\">Carnaval Buxois 2025<\/h2>\n\n\n\n<div class=\"wp-block-media-text is-stacked-on-mobile\" style=\"grid-template-columns:30% auto\"><figure class=\"wp-block-media-text__media\"><img loading=\"lazy\" decoding=\"async\" width=\"724\" height=\"1024\" src=\"https:\/\/afb26.org\/wp-content\/uploads\/2025\/03\/Carnaval-2025-A31-1-724x1024.png\" alt=\"\" class=\"wp-image-5833 size-full\" srcset=\"https:\/\/afb26.org\/wp-content\/uploads\/2025\/03\/Carnaval-2025-A31-1-724x1024.png 724w, https:\/\/afb26.org\/wp-content\/uploads\/2025\/03\/Carnaval-2025-A31-1-212x300.png 212w, https:\/\/afb26.org\/wp-content\/uploads\/2025\/03\/Carnaval-2025-A31-1-768x1086.png 768w, https:\/\/afb26.org\/wp-content\/uploads\/2025\/03\/Carnaval-2025-A31-1-1086x1536.png 1086w, https:\/\/afb26.org\/wp-content\/uploads\/2025\/03\/Carnaval-2025-A31-1.png 1414w\" sizes=\"auto, (max-width: 724px) 100vw, 724px\" \/><\/figure><div class=\"wp-block-media-text__content\">\n<p class=\"has-text-align-center has-medium-font-size\">Pr\u00e9parez vous pour le carnaval buxois !<\/p>\n\n\n\n<p class=\"has-medium-font-size\"><strong>Vendredi 28 mars 2025<\/strong>, 14h d\u00e9part de l&#8217;\u00e9cole pour un d\u00e9ambulation dans les rues de buis. L&#8217;\u00e9cole maternelle, l&#8217;\u00e9cole primaire ainsi que le coll\u00e8ge seront r\u00e9unit, accompagn\u00e9e de parents, habitants, le tout en musique ! <\/p>\n\n\n\n<p class=\"has-medium-font-size\">Toute une apr\u00e8s midi anim\u00e9e, puis une soir\u00e9e festive sur le th\u00e8me des animaux <img loading=\"lazy\" decoding=\"async\" height=\"16\" width=\"16\" src=\"https:\/\/static.xx.fbcdn.net\/images\/emoji.php\/v9\/ted\/1\/16\/1f412.png\" alt=\"\ud83d\udc12\"><img loading=\"lazy\" decoding=\"async\" height=\"16\" width=\"16\" src=\"https:\/\/static.xx.fbcdn.net\/images\/emoji.php\/v9\/t54\/1\/16\/1f408.png\" alt=\"\ud83d\udc08\"><img loading=\"lazy\" decoding=\"async\" height=\"16\" width=\"16\" src=\"https:\/\/static.xx.fbcdn.net\/images\/emoji.php\/v9\/t52\/1\/16\/1f406.png\" alt=\"\ud83d\udc06\"><img loading=\"lazy\" decoding=\"async\" height=\"16\" width=\"16\" src=\"https:\/\/static.xx.fbcdn.net\/images\/emoji.php\/v9\/t5b\/1\/16\/1f43b.png\" alt=\"\ud83d\udc3b\"><\/p>\n\n\n\n<p class=\"has-medium-font-size\">Venez rejoindre le d\u00e9fil\u00e9 si vous \u00eates int\u00e9ress\u00e9s, motiv\u00e9s !!<\/p>\n\n\n\n<p class=\"has-medium-font-size\">15h15 d\u00e9fil\u00e9 des animaux costum\u00e9s et go\u00fbter place des Arcades<\/p>\n\n\n\n<p class=\"has-medium-font-size\">A partir de 17h15 Jugement et Cr\u00e9mation du Carmentran (construit et d\u00e9cor\u00e9 par les enfant du Chat Bott\u00e9)<\/p>\n\n\n\n<p class=\"has-medium-font-size\">Buvette et Concert par Note en Bulles<\/p>\n\n\n\n<p class=\"has-medium-font-size\">On vous attends sur le march\u00e9 mercredi 26 mars 2025 pour recueillir vos dol\u00e9ances ! <img loading=\"lazy\" decoding=\"async\" height=\"16\" width=\"16\" src=\"https:\/\/static.xx.fbcdn.net\/images\/emoji.php\/v9\/tba\/1\/16\/1f4e3.png\" alt=\"\ud83d\udce3\"><\/p>\n<\/div><\/div>\n","protected":false},"excerpt":{"rendered":"<p>Carnaval Buxois 2025 Pr\u00e9parez vous pour le carnaval buxois ! Vendredi 28 mars 2025, 14h d\u00e9part de l&#8217;\u00e9cole pour un d\u00e9ambulation dans les rues de buis. L&#8217;\u00e9cole maternelle, l&#8217;\u00e9cole primaire ainsi que le coll\u00e8ge seront r\u00e9unit, accompagn\u00e9e de parents, habitants, le tout en musique ! Toute une apr\u00e8s midi anim\u00e9e, puis une soir\u00e9e festive sur &hellip;<\/p>\n","protected":false},"author":8,"featured_media":5833,"comment_status":"closed","ping_status":"closed","sticky":false,"template":"","format":"standard","meta":{"footnotes":""},"categories":[27],"tags":[],"class_list":["post-5832","post","type-post","status-publish","format-standard","has-post-thumbnail","hentry","category-archives-actualites-animation"],"_links":{"self":[{"href":"https:\/\/afb26.org\/index.php?rest_route=\/wp\/v2\/posts\/5832","targetHints":{"allow":["GET"]}}],"collection":[{"href":"https:\/\/afb26.org\/index.php?rest_route=\/wp\/v2\/posts"}],"about":[{"href":"https:\/\/afb26.org\/index.php?rest_route=\/wp\/v2\/types\/post"}],"author":[{"embeddable":true,"href":"https:\/\/afb26.org\/index.php?rest_route=\/wp\/v2\/users\/8"}],"replies":[{"embeddable":true,"href":"https:\/\/afb26.org\/index.php?rest_route=%2Fwp%2Fv2%2Fcomments&post=5832"}],"version-history":[{"count":1,"href":"https:\/\/afb26.org\/index.php?rest_route=\/wp\/v2\/posts\/5832\/revisions"}],"predecessor-version":[{"id":5834,"href":"https:\/\/afb26.org\/index.php?rest_route=\/wp\/v2\/posts\/5832\/revisions\/5834"}],"wp:featuredmedia":[{"embeddable":true,"href":"https:\/\/afb26.org\/index.php?rest_route=\/wp\/v2\/media\/5833"}],"wp:attachment":[{"href":"https:\/\/afb26.org\/index.php?rest_route=%2Fwp%2Fv2%2Fmedia&parent=5832"}],"wp:term":[{"taxonomy":"category","embeddable":true,"href":"https:\/\/afb26.org\/index.php?rest_route=%2Fwp%2Fv2%2Fcategories&post=5832"},{"taxonomy":"post_tag","embeddable":true,"href":"https:\/\/afb26.org\/index.php?rest_route=%2Fwp%2Fv2%2Ftags&post=5832"}],"curies":[{"name":"wp","href":"https:\/\/api.w.org\/{rel}","templated":true}]}}