{"id":5890,"date":"2025-04-08T15:31:45","date_gmt":"2025-04-08T13:31:45","guid":{"rendered":"https:\/\/afb26.org\/?p=5890"},"modified":"2025-05-13T11:20:51","modified_gmt":"2025-05-13T09:20:51","slug":"spectacle-jeune-public-parfum-de-jazz","status":"publish","type":"post","link":"https:\/\/afb26.org\/?p=5890","title":{"rendered":"Spectacle Jeune Public &#8211; Parfum de Jazz"},"content":{"rendered":"\n<p class=\"has-suki-color-5-color has-text-color has-link-color has-medium-font-size wp-elements-7179130159877b102a69090dc003b4f2\"><strong>Spectacle Jeune Public &#8211; Parfum de Jazz<\/strong><\/p>\n\n\n\n<div class=\"wp-block-media-text is-stacked-on-mobile\" style=\"grid-template-columns:39% auto\"><figure class=\"wp-block-media-text__media\"><img loading=\"lazy\" decoding=\"async\" width=\"727\" height=\"1024\" src=\"https:\/\/afb26.org\/wp-content\/uploads\/2025\/04\/affiche-jeune-28-WEB-727x1024.jpg\" alt=\"\" class=\"wp-image-5891 size-full\" srcset=\"https:\/\/afb26.org\/wp-content\/uploads\/2025\/04\/affiche-jeune-28-WEB-727x1024.jpg 727w, https:\/\/afb26.org\/wp-content\/uploads\/2025\/04\/affiche-jeune-28-WEB-213x300.jpg 213w, https:\/\/afb26.org\/wp-content\/uploads\/2025\/04\/affiche-jeune-28-WEB-768x1082.jpg 768w, https:\/\/afb26.org\/wp-content\/uploads\/2025\/04\/affiche-jeune-28-WEB-1091x1536.jpg 1091w, https:\/\/afb26.org\/wp-content\/uploads\/2025\/04\/affiche-jeune-28-WEB.jpg 1454w\" sizes=\"auto, (max-width: 727px) 100vw, 727px\" \/><\/figure><div class=\"wp-block-media-text__content\">\n<p class=\"has-text-align-center has-medium-font-size\">Un spectacle jeunes public <br>organis\u00e9 par parfum de jazz aura lieu le <br><strong>lundi 28 avril 2025, \u00e0 15h00<\/strong><\/p>\n\n\n\n<p class=\"has-text-align-center has-medium-font-size\"><strong>Salles des F\u00eates de La Palun<\/strong><br>\u00e0 Buis les Baronnies<\/p>\n\n\n\n<p class=\"has-medium-font-size\">En partenariat avec Parfum de Jazz, nous proposons \u00e0 nos adh\u00e9rents un <strong>tarif pr\u00e9f\u00e9rentiel<\/strong> de <\/p>\n\n\n\n<p class=\"has-text-align-center has-suki-color-5-color has-text-color has-link-color has-medium-font-size wp-elements-49e5c097d75a00fa3a76583912b4419a\"><strong>3 \u20ac pour les enfants<\/strong> et<\/p>\n\n\n\n<p class=\"has-text-align-center has-suki-color-5-color has-text-color has-link-color has-medium-font-size wp-elements-a5775f7ddd9478db0db5e4048c1351dc\"><strong>7 \u20ac pour les adultes<\/strong><\/p>\n\n\n\n<p class=\"has-medium-font-size\">Spectacle tout public, enfant \u00e0 partir de 4 ans.<\/p>\n\n\n\n<p class=\"has-medium-font-size\">Si vous \u00eates int\u00e9ress\u00e9, contacter Aurore \u00e0 l\u2019accueil pour vous inscrire, afin de pouvoir b\u00e9n\u00e9ficier de ce tarif le jour J. <\/p>\n\n\n\n<p class=\"has-medium-font-size\">L&#8217;inscription se fait aupr\u00e8s du Centre Social et le paiement se fera \u00e0 La Palun, juste avant le spectacle.<\/p>\n<\/div><\/div>\n\n\n\n<p class=\"has-medium-font-size\"><strong>Inscription : <br>Aurore &#8211; Accueil Centre Social 04 75 28 17 28<br>accueil@afb26.org<\/strong><\/p>\n","protected":false},"excerpt":{"rendered":"<p>Spectacle Jeune Public &#8211; Parfum de Jazz Un spectacle jeunes public organis\u00e9 par parfum de jazz aura lieu le lundi 28 avril 2025, \u00e0 15h00 Salles des F\u00eates de La Palun\u00e0 Buis les Baronnies En partenariat avec Parfum de Jazz, nous proposons \u00e0 nos adh\u00e9rents un tarif pr\u00e9f\u00e9rentiel de 3 \u20ac pour les enfants et &hellip;<\/p>\n","protected":false},"author":8,"featured_media":5891,"comment_status":"closed","ping_status":"closed","sticky":false,"template":"","format":"standard","meta":{"footnotes":""},"categories":[25],"tags":[83,85,86,82,84],"class_list":["post-5890","post","type-post","status-publish","format-standard","has-post-thumbnail","hentry","category-archives-actualites-afb","tag-jeune-public","tag-musical","tag-parfum-de-jazz","tag-spectacle","tag-tout-public"],"_links":{"self":[{"href":"https:\/\/afb26.org\/index.php?rest_route=\/wp\/v2\/posts\/5890","targetHints":{"allow":["GET"]}}],"collection":[{"href":"https:\/\/afb26.org\/index.php?rest_route=\/wp\/v2\/posts"}],"about":[{"href":"https:\/\/afb26.org\/index.php?rest_route=\/wp\/v2\/types\/post"}],"author":[{"embeddable":true,"href":"https:\/\/afb26.org\/index.php?rest_route=\/wp\/v2\/users\/8"}],"replies":[{"embeddable":true,"href":"https:\/\/afb26.org\/index.php?rest_route=%2Fwp%2Fv2%2Fcomments&post=5890"}],"version-history":[{"count":4,"href":"https:\/\/afb26.org\/index.php?rest_route=\/wp\/v2\/posts\/5890\/revisions"}],"predecessor-version":[{"id":5895,"href":"https:\/\/afb26.org\/index.php?rest_route=\/wp\/v2\/posts\/5890\/revisions\/5895"}],"wp:featuredmedia":[{"embeddable":true,"href":"https:\/\/afb26.org\/index.php?rest_route=\/wp\/v2\/media\/5891"}],"wp:attachment":[{"href":"https:\/\/afb26.org\/index.php?rest_route=%2Fwp%2Fv2%2Fmedia&parent=5890"}],"wp:term":[{"taxonomy":"category","embeddable":true,"href":"https:\/\/afb26.org\/index.php?rest_route=%2Fwp%2Fv2%2Fcategories&post=5890"},{"taxonomy":"post_tag","embeddable":true,"href":"https:\/\/afb26.org\/index.php?rest_route=%2Fwp%2Fv2%2Ftags&post=5890"}],"curies":[{"name":"wp","href":"https:\/\/api.w.org\/{rel}","templated":true}]}}