{"id":5946,"date":"2025-04-10T16:43:40","date_gmt":"2025-04-10T14:43:40","guid":{"rendered":"https:\/\/afb26.org\/?p=5946"},"modified":"2025-04-10T16:45:29","modified_gmt":"2025-04-10T14:45:29","slug":"compte-rendu-de-lassemblee-generale-du-mercredi-26-mars-2025","status":"publish","type":"post","link":"https:\/\/afb26.org\/?p=5946","title":{"rendered":"Compte Rendu de L&#8217;Assembl\u00e9e g\u00e9n\u00e9rale du mercredi 26 mars 2025"},"content":{"rendered":"\n<h2 class=\"wp-block-heading\">Une Assembl\u00e9e G\u00e9n\u00e9rale chaleureuse et conviviale !<\/h2>\n\n\n\n<div class=\"wp-block-media-text is-stacked-on-mobile\" style=\"grid-template-columns:30% auto\"><figure class=\"wp-block-media-text__media\"><img loading=\"lazy\" decoding=\"async\" width=\"1024\" height=\"768\" src=\"https:\/\/afb26.org\/wp-content\/uploads\/2025\/04\/20250326_185941-1-1024x768.jpg\" alt=\"\" class=\"wp-image-5948 size-full\" srcset=\"https:\/\/afb26.org\/wp-content\/uploads\/2025\/04\/20250326_185941-1-1024x768.jpg 1024w, https:\/\/afb26.org\/wp-content\/uploads\/2025\/04\/20250326_185941-1-300x225.jpg 300w, https:\/\/afb26.org\/wp-content\/uploads\/2025\/04\/20250326_185941-1-768x576.jpg 768w, https:\/\/afb26.org\/wp-content\/uploads\/2025\/04\/20250326_185941-1-1536x1152.jpg 1536w, https:\/\/afb26.org\/wp-content\/uploads\/2025\/04\/20250326_185941-1-2048x1536.jpg 2048w\" sizes=\"auto, (max-width: 1024px) 100vw, 1024px\" \/><\/figure><div class=\"wp-block-media-text__content\">\n<p class=\"has-suki-color-1-color has-text-color has-link-color has-medium-font-size wp-elements-07f47608b2ac9c2375737e5cd158085a\"><strong>Mercredi 26 mars 2025<\/strong> a eu lieu l&#8217;<strong>Assembl\u00e9e G\u00e9n\u00e9rale<\/strong> du <strong>Centre Social-Association Familiale des Baronnies<\/strong>. <\/p>\n\n\n\n<p class=\"has-link-color has-medium-font-size wp-elements-33c8d7a867f3eda07a7dd959d624a56f\">Cette ann\u00e9e encore vous avez \u00e9t\u00e9 nombreux a venir participer \u00e0 ce temps de Bilan de nos services et de nos actions, des finances mais aussi de partage des moments forts de l&#8217;ann\u00e9e \u00e9coul\u00e9e et des projets \u00e0 venir. <\/p>\n<\/div><\/div>\n\n\n\n<div class=\"wp-block-media-text has-media-on-the-right is-stacked-on-mobile\" style=\"grid-template-columns:auto 30%\"><div class=\"wp-block-media-text__content\">\n<p class=\"has-medium-font-size\">L&#8217;assembl\u00e9e g\u00e9n\u00e9rale s&#8217;est termin\u00e9 par le traditionnel verre de l&#8217;amiti\u00e9, un moment chaleureux et convivial. Merci \u00e0 tous d&#8217;\u00eatre venu, et n&#8217;h\u00e9sitez pas \u00e0 nous suivre sur les r\u00e9seau et \u00e0 visiter notre site pour plus d&#8217;infos sur le Centre Social. <\/p>\n<\/div><figure class=\"wp-block-media-text__media\"><img loading=\"lazy\" decoding=\"async\" width=\"1024\" height=\"768\" src=\"https:\/\/afb26.org\/wp-content\/uploads\/2025\/04\/20250326_2016411-1024x768.jpg\" alt=\"\" class=\"wp-image-5949 size-full\" srcset=\"https:\/\/afb26.org\/wp-content\/uploads\/2025\/04\/20250326_2016411-1024x768.jpg 1024w, https:\/\/afb26.org\/wp-content\/uploads\/2025\/04\/20250326_2016411-300x225.jpg 300w, https:\/\/afb26.org\/wp-content\/uploads\/2025\/04\/20250326_2016411-768x576.jpg 768w, https:\/\/afb26.org\/wp-content\/uploads\/2025\/04\/20250326_2016411-1536x1152.jpg 1536w, https:\/\/afb26.org\/wp-content\/uploads\/2025\/04\/20250326_2016411-2048x1536.jpg 2048w\" sizes=\"auto, (max-width: 1024px) 100vw, 1024px\" \/><\/figure><\/div>\n\n\n\n<p class=\"has-text-align-center has-suki-color-5-color has-text-color has-link-color has-medium-font-size wp-elements-1e78a11cd28e34180c6232960ec6f9a1\"><strong>Retrouvez tout \u00e7a dans le compte rendu de l&#8217;AG ci dessous !<\/strong><\/p>\n\n\n\n<div data-wp-interactive=\"core\/file\" class=\"wp-block-file\"><object data-wp-bind--hidden=\"!state.hasPdfPreview\" hidden class=\"wp-block-file__embed\" data=\"https:\/\/afb26.org\/wp-content\/uploads\/2025\/04\/CR-AG-AFB-2025.pdf\" type=\"application\/pdf\" style=\"width:100%;height:600px\" aria-label=\"Contenu embarqu\u00e9 CR AG AFB 2025.\"><\/object><a id=\"wp-block-file--media-cf7a9e6b-cd8a-49e5-97cd-372994460663\" href=\"https:\/\/afb26.org\/wp-content\/uploads\/2025\/04\/CR-AG-AFB-2025.pdf\">CR AG AFB 2025<\/a><a href=\"https:\/\/afb26.org\/wp-content\/uploads\/2025\/04\/CR-AG-AFB-2025.pdf\" class=\"wp-block-file__button wp-element-button\" download aria-describedby=\"wp-block-file--media-cf7a9e6b-cd8a-49e5-97cd-372994460663\">T\u00e9l\u00e9charger<\/a><\/div>\n\n\n\n<p><\/p>\n","protected":false},"excerpt":{"rendered":"<p>Une Assembl\u00e9e G\u00e9n\u00e9rale chaleureuse et conviviale ! Mercredi 26 mars 2025 a eu lieu l&#8217;Assembl\u00e9e G\u00e9n\u00e9rale du Centre Social-Association Familiale des Baronnies. Cette ann\u00e9e encore vous avez \u00e9t\u00e9 nombreux a venir participer \u00e0 ce temps de Bilan de nos services et de nos actions, des finances mais aussi de partage des moments forts de l&#8217;ann\u00e9e &hellip;<\/p>\n","protected":false},"author":8,"featured_media":5955,"comment_status":"closed","ping_status":"closed","sticky":false,"template":"","format":"standard","meta":{"footnotes":""},"categories":[2],"tags":[],"class_list":["post-5946","post","type-post","status-publish","format-standard","has-post-thumbnail","hentry","category-actus-afb"],"_links":{"self":[{"href":"https:\/\/afb26.org\/index.php?rest_route=\/wp\/v2\/posts\/5946","targetHints":{"allow":["GET"]}}],"collection":[{"href":"https:\/\/afb26.org\/index.php?rest_route=\/wp\/v2\/posts"}],"about":[{"href":"https:\/\/afb26.org\/index.php?rest_route=\/wp\/v2\/types\/post"}],"author":[{"embeddable":true,"href":"https:\/\/afb26.org\/index.php?rest_route=\/wp\/v2\/users\/8"}],"replies":[{"embeddable":true,"href":"https:\/\/afb26.org\/index.php?rest_route=%2Fwp%2Fv2%2Fcomments&post=5946"}],"version-history":[{"count":3,"href":"https:\/\/afb26.org\/index.php?rest_route=\/wp\/v2\/posts\/5946\/revisions"}],"predecessor-version":[{"id":5952,"href":"https:\/\/afb26.org\/index.php?rest_route=\/wp\/v2\/posts\/5946\/revisions\/5952"}],"wp:featuredmedia":[{"embeddable":true,"href":"https:\/\/afb26.org\/index.php?rest_route=\/wp\/v2\/media\/5955"}],"wp:attachment":[{"href":"https:\/\/afb26.org\/index.php?rest_route=%2Fwp%2Fv2%2Fmedia&parent=5946"}],"wp:term":[{"taxonomy":"category","embeddable":true,"href":"https:\/\/afb26.org\/index.php?rest_route=%2Fwp%2Fv2%2Fcategories&post=5946"},{"taxonomy":"post_tag","embeddable":true,"href":"https:\/\/afb26.org\/index.php?rest_route=%2Fwp%2Fv2%2Ftags&post=5946"}],"curies":[{"name":"wp","href":"https:\/\/api.w.org\/{rel}","templated":true}]}}