{"id":6125,"date":"2025-04-28T11:45:04","date_gmt":"2025-04-28T09:45:04","guid":{"rendered":"https:\/\/afb26.org\/?p=6125"},"modified":"2025-04-28T17:12:38","modified_gmt":"2025-04-28T15:12:38","slug":"groupe-de-paroles-proches-aidants","status":"publish","type":"post","link":"https:\/\/afb26.org\/?p=6125","title":{"rendered":"Groupe de Paroles Proches aidants"},"content":{"rendered":"\n<h3 class=\"wp-block-heading\">Un groupe de Paroles Pour les proches aidants<\/h3>\n\n\n\n<div class=\"wp-block-media-text is-stacked-on-mobile\" style=\"grid-template-columns:35% auto\"><figure class=\"wp-block-media-text__media\"><img loading=\"lazy\" decoding=\"async\" width=\"1024\" height=\"576\" src=\"https:\/\/afb26.org\/wp-content\/uploads\/2025\/04\/Affiches-groupes-de-paroles-2025-Drome-Provencale_page-0001-1024x576.jpg\" alt=\"\" class=\"wp-image-6127 size-full\" srcset=\"https:\/\/afb26.org\/wp-content\/uploads\/2025\/04\/Affiches-groupes-de-paroles-2025-Drome-Provencale_page-0001-1024x576.jpg 1024w, https:\/\/afb26.org\/wp-content\/uploads\/2025\/04\/Affiches-groupes-de-paroles-2025-Drome-Provencale_page-0001-300x169.jpg 300w, https:\/\/afb26.org\/wp-content\/uploads\/2025\/04\/Affiches-groupes-de-paroles-2025-Drome-Provencale_page-0001-768x432.jpg 768w, https:\/\/afb26.org\/wp-content\/uploads\/2025\/04\/Affiches-groupes-de-paroles-2025-Drome-Provencale_page-0001-1536x864.jpg 1536w, https:\/\/afb26.org\/wp-content\/uploads\/2025\/04\/Affiches-groupes-de-paroles-2025-Drome-Provencale_page-0001.jpg 2000w\" sizes=\"auto, (max-width: 1024px) 100vw, 1024px\" \/><\/figure><div class=\"wp-block-media-text__content\">\n<p class=\"has-medium-font-size\">Lorsqu&#8217;un <strong>proche<\/strong> est en <strong>perte d&#8217;autonomie<\/strong>, se pose souvent la <strong>question<\/strong> de <strong>vers qui se tourner<\/strong> pour <strong>acc\u00e9der \u00e0 quels soins<\/strong>, <strong>services<\/strong> et\/ou <strong>aides<\/strong> ?\u00a0\u00a0\u00a0\u00a0\u00a0\u00a0\u00a0\u00a0\u00a0\u00a0<\/p>\n\n\n\n<p class=\"has-text-align-left has-medium-font-size\">Allocation Personnalis\u00e9e d&#8217;Autonomie, Aides sociales, Aide pour les Aidants, R\u00e9pit, &#8230; ?\u00a0<br>Autant de questions auxquelles, Fran\u00e7oise DEBEDA, Assistante Sociale et Nathalie ESTRUGA, Infirmi\u00e8re pour la Plateforme de r\u00e9pit &#8221; Escapade &#8221; \u00e0 Nyons, pourront r\u00e9pondre.<\/p>\n\n\n\n<p class=\"has-regular-font-size\">Un temps convivial et confidentiel, une occasion de nous retrouver autour d&#8217;un bon caf\u00e9, d&#8217;un th\u00e9 et de quelques douceurs pour le r\u00e9confort, en groupe pour partager votre v\u00e9cu et nous enrichir mutuellement de nos exp\u00e9riences sur le sujet qui a boulevers\u00e9 votre quotidien, votre vie.<\/p>\n\n\n\n<p class=\"has-regular-font-size\"><strong>tous les 4e mardis du mois, \u00e0 Buis les Baronnies, au Centre M\u00e9dicaux Social &#8211; <em>16 boulevard Henri Barbusse, 26170 Buis-les-Baronnies<\/em> (\u00e0 cot\u00e9 des \u00e9coles)<\/strong><\/p>\n<\/div><\/div>\n","protected":false},"excerpt":{"rendered":"<p>Un groupe de Paroles Pour les proches aidants Lorsqu&#8217;un proche est en perte d&#8217;autonomie, se pose souvent la question de vers qui se tourner pour acc\u00e9der \u00e0 quels soins, services et\/ou aides ?\u00a0\u00a0\u00a0\u00a0\u00a0\u00a0\u00a0\u00a0\u00a0\u00a0 Allocation Personnalis\u00e9e d&#8217;Autonomie, Aides sociales, Aide pour les Aidants, R\u00e9pit, &#8230; ?\u00a0Autant de questions auxquelles, Fran\u00e7oise DEBEDA, Assistante Sociale et Nathalie ESTRUGA, &hellip;<\/p>\n","protected":false},"author":8,"featured_media":6127,"comment_status":"closed","ping_status":"closed","sticky":false,"template":"","format":"standard","meta":{"footnotes":""},"categories":[31],"tags":[],"class_list":["post-6125","post","type-post","status-publish","format-standard","has-post-thumbnail","hentry","category-archives-actualites-projet-social"],"_links":{"self":[{"href":"https:\/\/afb26.org\/index.php?rest_route=\/wp\/v2\/posts\/6125","targetHints":{"allow":["GET"]}}],"collection":[{"href":"https:\/\/afb26.org\/index.php?rest_route=\/wp\/v2\/posts"}],"about":[{"href":"https:\/\/afb26.org\/index.php?rest_route=\/wp\/v2\/types\/post"}],"author":[{"embeddable":true,"href":"https:\/\/afb26.org\/index.php?rest_route=\/wp\/v2\/users\/8"}],"replies":[{"embeddable":true,"href":"https:\/\/afb26.org\/index.php?rest_route=%2Fwp%2Fv2%2Fcomments&post=6125"}],"version-history":[{"count":5,"href":"https:\/\/afb26.org\/index.php?rest_route=\/wp\/v2\/posts\/6125\/revisions"}],"predecessor-version":[{"id":6131,"href":"https:\/\/afb26.org\/index.php?rest_route=\/wp\/v2\/posts\/6125\/revisions\/6131"}],"wp:featuredmedia":[{"embeddable":true,"href":"https:\/\/afb26.org\/index.php?rest_route=\/wp\/v2\/media\/6127"}],"wp:attachment":[{"href":"https:\/\/afb26.org\/index.php?rest_route=%2Fwp%2Fv2%2Fmedia&parent=6125"}],"wp:term":[{"taxonomy":"category","embeddable":true,"href":"https:\/\/afb26.org\/index.php?rest_route=%2Fwp%2Fv2%2Fcategories&post=6125"},{"taxonomy":"post_tag","embeddable":true,"href":"https:\/\/afb26.org\/index.php?rest_route=%2Fwp%2Fv2%2Ftags&post=6125"}],"curies":[{"name":"wp","href":"https:\/\/api.w.org\/{rel}","templated":true}]}}