{"id":6188,"date":"2025-04-30T11:27:06","date_gmt":"2025-04-30T09:27:06","guid":{"rendered":"https:\/\/afb26.org\/?p=6188"},"modified":"2025-04-30T11:27:07","modified_gmt":"2025-04-30T09:27:07","slug":"activite-physique-adapte-senios-sainte-jalle","status":"publish","type":"post","link":"https:\/\/afb26.org\/?p=6188","title":{"rendered":"Activit\u00e9 Physique adapt\u00e9-S\u00e9nios-Sainte Jalle"},"content":{"rendered":"\n<h3 class=\"wp-block-heading\">Des Ateliers s\u00e9nios d&#8217;activit\u00e9 physique adapt\u00e9e \u00e0 Sainte Jalle<\/h3>\n\n\n\n<div class=\"wp-block-media-text is-stacked-on-mobile\" style=\"grid-template-columns:30% auto\"><figure class=\"wp-block-media-text__media\"><img loading=\"lazy\" decoding=\"async\" width=\"724\" height=\"1024\" src=\"https:\/\/afb26.org\/wp-content\/uploads\/2025\/02\/Affiche-ateliers-APA-CRT1_page-0001-724x1024.jpg\" alt=\"\" class=\"wp-image-5750 size-full\" srcset=\"https:\/\/afb26.org\/wp-content\/uploads\/2025\/02\/Affiche-ateliers-APA-CRT1_page-0001-724x1024.jpg 724w, https:\/\/afb26.org\/wp-content\/uploads\/2025\/02\/Affiche-ateliers-APA-CRT1_page-0001-212x300.jpg 212w, https:\/\/afb26.org\/wp-content\/uploads\/2025\/02\/Affiche-ateliers-APA-CRT1_page-0001-768x1086.jpg 768w, https:\/\/afb26.org\/wp-content\/uploads\/2025\/02\/Affiche-ateliers-APA-CRT1_page-0001-1086x1536.jpg 1086w, https:\/\/afb26.org\/wp-content\/uploads\/2025\/02\/Affiche-ateliers-APA-CRT1_page-0001.jpg 1241w\" sizes=\"auto, (max-width: 724px) 100vw, 724px\" \/><\/figure><div class=\"wp-block-media-text__content\">\n<p class=\"has-medium-font-size\"><strong>Ateliers D\u2019Activit\u00e9s Physique Adapt\u00e9es <\/strong>\u00e0 la salle de la mairie de <strong>Sainte Jalle.<\/strong><\/p>\n\n\n\n<p class=\"has-medium-font-size\">Ces s\u00e9ances auront lieu <strong>tous les vendredis de 14h \u00e0 15h du 21 mars au 4 juillet<\/strong> (sauf 3 dates inscrites sur l\u2019affiche).<\/p>\n\n\n\n<p class=\"has-medium-font-size\">Ils sont <strong>ouverts \u00e0 tous<\/strong> et <strong>gratuits.<\/strong> Il suffit de s\u2019inscrire au 04 75 26 94 39.<\/p>\n<\/div><\/div>\n","protected":false},"excerpt":{"rendered":"<p>Des Ateliers s\u00e9nios d&#8217;activit\u00e9 physique adapt\u00e9e \u00e0 Sainte Jalle Ateliers D\u2019Activit\u00e9s Physique Adapt\u00e9es \u00e0 la salle de la mairie de Sainte Jalle. Ces s\u00e9ances auront lieu tous les vendredis de 14h \u00e0 15h du 21 mars au 4 juillet (sauf 3 dates inscrites sur l\u2019affiche). Ils sont ouverts \u00e0 tous et gratuits. Il suffit de &hellip;<\/p>\n","protected":false},"author":8,"featured_media":0,"comment_status":"closed","ping_status":"closed","sticky":false,"template":"","format":"standard","meta":{"footnotes":""},"categories":[1],"tags":[],"class_list":["post-6188","post","type-post","status-publish","format-standard","hentry","category-non-classe"],"_links":{"self":[{"href":"https:\/\/afb26.org\/index.php?rest_route=\/wp\/v2\/posts\/6188","targetHints":{"allow":["GET"]}}],"collection":[{"href":"https:\/\/afb26.org\/index.php?rest_route=\/wp\/v2\/posts"}],"about":[{"href":"https:\/\/afb26.org\/index.php?rest_route=\/wp\/v2\/types\/post"}],"author":[{"embeddable":true,"href":"https:\/\/afb26.org\/index.php?rest_route=\/wp\/v2\/users\/8"}],"replies":[{"embeddable":true,"href":"https:\/\/afb26.org\/index.php?rest_route=%2Fwp%2Fv2%2Fcomments&post=6188"}],"version-history":[{"count":1,"href":"https:\/\/afb26.org\/index.php?rest_route=\/wp\/v2\/posts\/6188\/revisions"}],"predecessor-version":[{"id":6189,"href":"https:\/\/afb26.org\/index.php?rest_route=\/wp\/v2\/posts\/6188\/revisions\/6189"}],"wp:attachment":[{"href":"https:\/\/afb26.org\/index.php?rest_route=%2Fwp%2Fv2%2Fmedia&parent=6188"}],"wp:term":[{"taxonomy":"category","embeddable":true,"href":"https:\/\/afb26.org\/index.php?rest_route=%2Fwp%2Fv2%2Fcategories&post=6188"},{"taxonomy":"post_tag","embeddable":true,"href":"https:\/\/afb26.org\/index.php?rest_route=%2Fwp%2Fv2%2Ftags&post=6188"}],"curies":[{"name":"wp","href":"https:\/\/api.w.org\/{rel}","templated":true}]}}