{"id":6191,"date":"2025-04-30T11:38:06","date_gmt":"2025-04-30T09:38:06","guid":{"rendered":"https:\/\/afb26.org\/?p=6191"},"modified":"2026-03-30T10:20:02","modified_gmt":"2026-03-30T08:20:02","slug":"repair-cafe-a-buis","status":"publish","type":"post","link":"https:\/\/afb26.org\/?p=6191","title":{"rendered":"Repair Caf\u00e9 \u00e0 Buis"},"content":{"rendered":"\n<h3 class=\"wp-block-heading\">Le Repair Caf\u00e9 \u00e0 Buis, un atelier de co-r\u00e9paration<\/h3>\n\n\n\n<div class=\"wp-block-media-text is-stacked-on-mobile\" style=\"grid-template-columns:35% auto\"><figure class=\"wp-block-media-text__media\"><img loading=\"lazy\" decoding=\"async\" width=\"819\" height=\"1024\" src=\"https:\/\/afb26.org\/wp-content\/uploads\/2026\/03\/Repair-Cafe-T1-2026-Publication-Instagram-45-819x1024.png\" alt=\"\" class=\"wp-image-7448 size-full\" srcset=\"https:\/\/afb26.org\/wp-content\/uploads\/2026\/03\/Repair-Cafe-T1-2026-Publication-Instagram-45-819x1024.png 819w, https:\/\/afb26.org\/wp-content\/uploads\/2026\/03\/Repair-Cafe-T1-2026-Publication-Instagram-45-240x300.png 240w, https:\/\/afb26.org\/wp-content\/uploads\/2026\/03\/Repair-Cafe-T1-2026-Publication-Instagram-45-768x960.png 768w, https:\/\/afb26.org\/wp-content\/uploads\/2026\/03\/Repair-Cafe-T1-2026-Publication-Instagram-45.png 1080w\" sizes=\"auto, (max-width: 819px) 100vw, 819px\" \/><\/figure><div class=\"wp-block-media-text__content\">\n<p class=\"has-suki-color-2-color has-text-color has-link-color has-medium-font-size wp-elements-d3d3b3039c6883231d879acd5dceedc0\"><strong>La Charte du Repair Caf\u00e9<\/strong><\/p>\n\n\n\n<p><strong>Les r\u00e9parations et activit\u00e9s dans un Repair Caf\u00e9 sont effectu\u00e9es<br>gratuitement par des r\u00e9parateurs et r\u00e9paratrices b\u00e9n\u00e9voles.<\/strong><br><br>Le Repair Caf\u00e9 est un atelier de co-r\u00e9paration : les participants effectuent autant que possible eux-m\u00eames les r\u00e9parations, si n\u00e9cessaire avec l\u2019aide des r\u00e9parateurs et r\u00e9paratrices pr\u00e9sent.es.<br><br><strong>La pr\u00e9sence du propri\u00e9taire de l\u2019objet est requise tout au long de la r\u00e9paration.<\/strong><br><br>Ni les organisateurs d\u2019un atelier dans un Repair Caf\u00e9, ni les r\u00e9parateurs et r\u00e9paratrices ne peuvent \u00eatre tenu.es responsables des dommages \u00e9ventuels aux objets pr\u00e9sent\u00e9s pour \u00eatre r\u00e9par\u00e9s, ou tout autre dommage d\u00e9coulant des activit\u00e9s d\u2019un Repair Caf\u00e9.<br><br><strong>Une participation libre et consciente aux frais d\u2019organisation et de r\u00e9paration, \u00e0 votre discr\u00e9tion, sera particuli\u00e8rement appr\u00e9ci\u00e9e.<\/strong><br><br>Les r\u00e9parateurs et r\u00e9paratrices ne donnent aucune garantie sur les r\u00e9parations effectu\u00e9es avec leur aide et ne sont pas responsables d\u2019un \u00e9ventuel dysfonctionnement des objets r\u00e9par\u00e9s dans un Repair Caf\u00e9.<br><br><strong>Les r\u00e9parateurs et r\u00e9paratrices se r\u00e9servent le droit de refuser de r\u00e9parer certains objets.<\/strong><br><br>Les r\u00e9parateurs et r\u00e9paratrices n\u2019ont pas l\u2019obligation de remonter les appareils d\u00e9mont\u00e9s qui ne peuvent \u00eatre r\u00e9par\u00e9s.<br><br><strong>Les participant.es \u00e0 un atelier dans un Repair Caf\u00e9 sont responsables du devenir des objets irr\u00e9parables : ils m\u00e9ritent d\u2019\u00eatre recycl\u00e9s et d\u00e9pos\u00e9s en d\u00e9chetterie.<\/strong><br><br>Pour \u00e9viter aux participant.es une attente trop longue, un seul objet par personne sera examin\u00e9 en cas d\u2019affluence.<br><br><strong>Les r\u00e9parations et activit\u00e9s dans un Repair Caf\u00e9 sont effectu\u00e9es<br>gratuitement par des r\u00e9parateurs et r\u00e9paratrices b\u00e9n\u00e9voles.<\/strong><br><br>Le Repair Caf\u00e9 est un atelier de co-r\u00e9paration : les participants effectuent autant que possible eux-m\u00eames les r\u00e9parations, si n\u00e9cessaire avec l\u2019aide des r\u00e9parateurs et r\u00e9paratrices pr\u00e9sent.es.<br><br><strong>La pr\u00e9sence du propri\u00e9taire de l\u2019objet est requise tout au long de la r\u00e9paration.<\/strong><br><br>Ni les organisateurs d\u2019un atelier dans un Repair Caf\u00e9, ni les r\u00e9parateurs et r\u00e9paratrices ne peuvent \u00eatre tenu.es responsables des dommages \u00e9ventuels aux objets pr\u00e9sent\u00e9s pour \u00eatre r\u00e9par\u00e9s, ou tout autre dommage d\u00e9coulant des activit\u00e9s d\u2019un Repair Caf\u00e9.<\/p>\n<\/div><\/div>\n\n\n\n<p><strong>Une participation libre et consciente aux frais d\u2019organisation et de r\u00e9paration, \u00e0 votre discr\u00e9tion, sera particuli\u00e8rement appr\u00e9ci\u00e9e.<\/strong><br><br>Les r\u00e9parateurs et r\u00e9paratrices ne donnent aucune garantie sur les r\u00e9parations effectu\u00e9es avec leur aide et ne sont pas responsables d\u2019un \u00e9ventuel dysfonctionnement des objets r\u00e9par\u00e9s dans un Repair Caf\u00e9.<br><br><strong>Les r\u00e9parateurs et r\u00e9paratrices se r\u00e9servent le droit de refuser de r\u00e9parer certains objets.<\/strong><br><br>Les r\u00e9parateurs et r\u00e9paratrices n\u2019ont pas l\u2019obligation de remonter les appareils d\u00e9mont\u00e9s qui ne peuvent \u00eatre r\u00e9par\u00e9s.<br><br><strong>Les participant.es \u00e0 un atelier dans un Repair Caf\u00e9 sont responsables du devenir des objets irr\u00e9parables : ils m\u00e9ritent d\u2019\u00eatre recycl\u00e9s et d\u00e9pos\u00e9s en d\u00e9chetterie.<\/strong><br><br>Pour \u00e9viter aux participant.es une attente trop longue, un seul objet par personne sera examin\u00e9 en cas d\u2019affluence.<\/p>\n","protected":false},"excerpt":{"rendered":"<p>Le Repair Caf\u00e9 \u00e0 Buis, un atelier de co-r\u00e9paration La Charte du Repair Caf\u00e9 Les r\u00e9parations et activit\u00e9s dans un Repair Caf\u00e9 sont effectu\u00e9esgratuitement par des r\u00e9parateurs et r\u00e9paratrices b\u00e9n\u00e9voles. Le Repair Caf\u00e9 est un atelier de co-r\u00e9paration : les participants effectuent autant que possible eux-m\u00eames les r\u00e9parations, si n\u00e9cessaire avec l\u2019aide des r\u00e9parateurs et &hellip;<\/p>\n","protected":false},"author":8,"featured_media":0,"comment_status":"closed","ping_status":"closed","sticky":false,"template":"","format":"standard","meta":{"footnotes":""},"categories":[1],"tags":[],"class_list":["post-6191","post","type-post","status-publish","format-standard","hentry","category-non-classe"],"_links":{"self":[{"href":"https:\/\/afb26.org\/index.php?rest_route=\/wp\/v2\/posts\/6191","targetHints":{"allow":["GET"]}}],"collection":[{"href":"https:\/\/afb26.org\/index.php?rest_route=\/wp\/v2\/posts"}],"about":[{"href":"https:\/\/afb26.org\/index.php?rest_route=\/wp\/v2\/types\/post"}],"author":[{"embeddable":true,"href":"https:\/\/afb26.org\/index.php?rest_route=\/wp\/v2\/users\/8"}],"replies":[{"embeddable":true,"href":"https:\/\/afb26.org\/index.php?rest_route=%2Fwp%2Fv2%2Fcomments&post=6191"}],"version-history":[{"count":5,"href":"https:\/\/afb26.org\/index.php?rest_route=\/wp\/v2\/posts\/6191\/revisions"}],"predecessor-version":[{"id":7454,"href":"https:\/\/afb26.org\/index.php?rest_route=\/wp\/v2\/posts\/6191\/revisions\/7454"}],"wp:attachment":[{"href":"https:\/\/afb26.org\/index.php?rest_route=%2Fwp%2Fv2%2Fmedia&parent=6191"}],"wp:term":[{"taxonomy":"category","embeddable":true,"href":"https:\/\/afb26.org\/index.php?rest_route=%2Fwp%2Fv2%2Fcategories&post=6191"},{"taxonomy":"post_tag","embeddable":true,"href":"https:\/\/afb26.org\/index.php?rest_route=%2Fwp%2Fv2%2Ftags&post=6191"}],"curies":[{"name":"wp","href":"https:\/\/api.w.org\/{rel}","templated":true}]}}