{"id":6224,"date":"2025-05-12T12:36:37","date_gmt":"2025-05-12T10:36:37","guid":{"rendered":"https:\/\/afb26.org\/?p=6224"},"modified":"2025-07-08T16:11:49","modified_gmt":"2025-07-08T14:11:49","slug":"gratiferia-de-printemps","status":"publish","type":"post","link":"https:\/\/afb26.org\/?p=6224","title":{"rendered":"Gratif\u00e9ria de Printemps"},"content":{"rendered":"\n<h3 class=\"wp-block-heading\">La gratif\u00e9ria de printemps arrive \u00e0 Buis les Baronnies<\/h3>\n\n\n\n<div class=\"wp-block-media-text is-stacked-on-mobile\" style=\"grid-template-columns:30% auto\"><figure class=\"wp-block-media-text__media\"><img loading=\"lazy\" decoding=\"async\" width=\"724\" height=\"1024\" src=\"https:\/\/afb26.org\/wp-content\/uploads\/2025\/04\/Affiche-724x1024.jpg\" alt=\"\" class=\"wp-image-6182 size-full\" srcset=\"https:\/\/afb26.org\/wp-content\/uploads\/2025\/04\/Affiche-724x1024.jpg 724w, https:\/\/afb26.org\/wp-content\/uploads\/2025\/04\/Affiche-212x300.jpg 212w, https:\/\/afb26.org\/wp-content\/uploads\/2025\/04\/Affiche-768x1086.jpg 768w, https:\/\/afb26.org\/wp-content\/uploads\/2025\/04\/Affiche-1086x1536.jpg 1086w, https:\/\/afb26.org\/wp-content\/uploads\/2025\/04\/Affiche-1448x2048.jpg 1448w, https:\/\/afb26.org\/wp-content\/uploads\/2025\/04\/Affiche-scaled.jpg 1810w\" sizes=\"auto, (max-width: 724px) 100vw, 724px\" \/><\/figure><div class=\"wp-block-media-text__content\">\n<p class=\"has-medium-font-size\"><strong>Gratif\u00e9ria de Printemps \u00e0 Buis les Baronnies<\/strong><\/p>\n\n\n\n<p class=\"has-medium-font-size\">C&#8217;est le moment de faire du tri !! Pr\u00e9parer vos dons, pour \u00eatre dans le th\u00e8me du printemps c&#8217;est une gratif\u00e9ria sp\u00e9cial dons de plantes mais pas que&#8230;<\/p>\n\n\n\n<p class=\"has-medium-font-size\">Il y aura aussi, comme d&#8217;habitude, v\u00eatements propres et de saison, objets, petit mat\u00e9riel, livres, d\u00e9co&#8230;etc<\/p>\n\n\n\n<p class=\"has-medium-font-size\">Du mercredi 21 mai \u00e0 9h au samedi 24 mai \u00e0 12h, avec chaque jour des ateliers gratuits divers et vari\u00e9s, le vendredi midi un repas partage pour la f\u00eate des voisins et le samedi une matin\u00e9e autour du V\u00e9lo.&nbsp;<\/p>\n\n\n\n<p class=\"has-medium-font-size\">N&#8217;h\u00e9sitez pas \u00e0 venir faire un tour, c&#8217;est ouvert \u00e0 tous ! m\u00eame si vous n&#8217;avez rien \u00e0 donner ou besoin de rien, ce sera l&#8217;occasion de partager un moment convivial, de discuter, de participer aux ateliers&#8230;<\/p>\n\n\n\n<p class=\"has-medium-font-size\">On vous attends nombreux !!<\/p>\n<\/div><\/div>\n\n\n\n<div class=\"wp-block-columns is-layout-flex wp-container-core-columns-is-layout-9d6595d7 wp-block-columns-is-layout-flex\">\n<div class=\"wp-block-column is-layout-flow wp-block-column-is-layout-flow\">\n<figure class=\"wp-block-image size-large\"><img loading=\"lazy\" decoding=\"async\" width=\"724\" height=\"1024\" src=\"https:\/\/afb26.org\/wp-content\/uploads\/2025\/05\/programme-724x1024.jpg\" alt=\"\" class=\"wp-image-6225\" srcset=\"https:\/\/afb26.org\/wp-content\/uploads\/2025\/05\/programme-724x1024.jpg 724w, https:\/\/afb26.org\/wp-content\/uploads\/2025\/05\/programme-212x300.jpg 212w, https:\/\/afb26.org\/wp-content\/uploads\/2025\/05\/programme-768x1086.jpg 768w, https:\/\/afb26.org\/wp-content\/uploads\/2025\/05\/programme-1086x1536.jpg 1086w, https:\/\/afb26.org\/wp-content\/uploads\/2025\/05\/programme-1448x2048.jpg 1448w, https:\/\/afb26.org\/wp-content\/uploads\/2025\/05\/programme-scaled.jpg 1810w\" sizes=\"auto, (max-width: 724px) 100vw, 724px\" \/><\/figure>\n<\/div>\n\n\n\n<div class=\"wp-block-column is-layout-flow wp-block-column-is-layout-flow\">\n<figure class=\"wp-block-image size-large\"><img loading=\"lazy\" decoding=\"async\" width=\"724\" height=\"1024\" src=\"https:\/\/afb26.org\/wp-content\/uploads\/2025\/04\/Charte-de-depot-724x1024.png\" alt=\"\" class=\"wp-image-6212\" srcset=\"https:\/\/afb26.org\/wp-content\/uploads\/2025\/04\/Charte-de-depot-724x1024.png 724w, https:\/\/afb26.org\/wp-content\/uploads\/2025\/04\/Charte-de-depot-212x300.png 212w, https:\/\/afb26.org\/wp-content\/uploads\/2025\/04\/Charte-de-depot-768x1086.png 768w, https:\/\/afb26.org\/wp-content\/uploads\/2025\/04\/Charte-de-depot-1086x1536.png 1086w, https:\/\/afb26.org\/wp-content\/uploads\/2025\/04\/Charte-de-depot-1448x2048.png 1448w, https:\/\/afb26.org\/wp-content\/uploads\/2025\/04\/Charte-de-depot-scaled.png 1810w\" sizes=\"auto, (max-width: 724px) 100vw, 724px\" \/><\/figure>\n<\/div>\n\n\n\n<div class=\"wp-block-column is-layout-flow wp-block-column-is-layout-flow\">\n<figure class=\"wp-block-image size-large\"><img loading=\"lazy\" decoding=\"async\" width=\"724\" height=\"1024\" src=\"https:\/\/afb26.org\/wp-content\/uploads\/2025\/05\/appel-aux-dons-724x1024.jpg\" alt=\"\" class=\"wp-image-6226\" srcset=\"https:\/\/afb26.org\/wp-content\/uploads\/2025\/05\/appel-aux-dons-724x1024.jpg 724w, https:\/\/afb26.org\/wp-content\/uploads\/2025\/05\/appel-aux-dons-212x300.jpg 212w, https:\/\/afb26.org\/wp-content\/uploads\/2025\/05\/appel-aux-dons-768x1086.jpg 768w, https:\/\/afb26.org\/wp-content\/uploads\/2025\/05\/appel-aux-dons-1086x1536.jpg 1086w, https:\/\/afb26.org\/wp-content\/uploads\/2025\/05\/appel-aux-dons-1448x2048.jpg 1448w, https:\/\/afb26.org\/wp-content\/uploads\/2025\/05\/appel-aux-dons-scaled.jpg 1810w\" sizes=\"auto, (max-width: 724px) 100vw, 724px\" \/><\/figure>\n<\/div>\n\n\n\n<div class=\"wp-block-column is-layout-flow wp-block-column-is-layout-flow\">\n<figure class=\"wp-block-image size-large\"><img loading=\"lazy\" decoding=\"async\" width=\"724\" height=\"1024\" src=\"https:\/\/afb26.org\/wp-content\/uploads\/2025\/05\/Fete-des-voisins-724x1024.png\" alt=\"\" class=\"wp-image-6227\" srcset=\"https:\/\/afb26.org\/wp-content\/uploads\/2025\/05\/Fete-des-voisins-724x1024.png 724w, https:\/\/afb26.org\/wp-content\/uploads\/2025\/05\/Fete-des-voisins-212x300.png 212w, https:\/\/afb26.org\/wp-content\/uploads\/2025\/05\/Fete-des-voisins-768x1086.png 768w, https:\/\/afb26.org\/wp-content\/uploads\/2025\/05\/Fete-des-voisins-1086x1536.png 1086w, https:\/\/afb26.org\/wp-content\/uploads\/2025\/05\/Fete-des-voisins.png 1414w\" sizes=\"auto, (max-width: 724px) 100vw, 724px\" \/><\/figure>\n<\/div>\n<\/div>\n\n\n\n<p class=\"has-suki-color-2-color has-text-color has-link-color has-medium-font-size wp-elements-636ccd34e71875bf0028a1bfa2ac1f3f\"><strong>Contact<\/strong><br>accueil@afb26.org ou 04 75 28 17 28<\/p>\n","protected":false},"excerpt":{"rendered":"<p>La gratif\u00e9ria de printemps arrive \u00e0 Buis les Baronnies Gratif\u00e9ria de Printemps \u00e0 Buis les Baronnies C&#8217;est le moment de faire du tri !! Pr\u00e9parer vos dons, pour \u00eatre dans le th\u00e8me du printemps c&#8217;est une gratif\u00e9ria sp\u00e9cial dons de plantes mais pas que&#8230; Il y aura aussi, comme d&#8217;habitude, v\u00eatements propres et de saison, &hellip;<\/p>\n","protected":false},"author":8,"featured_media":6182,"comment_status":"closed","ping_status":"closed","sticky":false,"template":"","format":"standard","meta":{"footnotes":""},"categories":[25],"tags":[],"class_list":["post-6224","post","type-post","status-publish","format-standard","has-post-thumbnail","hentry","category-archives-actualites-afb"],"_links":{"self":[{"href":"https:\/\/afb26.org\/index.php?rest_route=\/wp\/v2\/posts\/6224","targetHints":{"allow":["GET"]}}],"collection":[{"href":"https:\/\/afb26.org\/index.php?rest_route=\/wp\/v2\/posts"}],"about":[{"href":"https:\/\/afb26.org\/index.php?rest_route=\/wp\/v2\/types\/post"}],"author":[{"embeddable":true,"href":"https:\/\/afb26.org\/index.php?rest_route=\/wp\/v2\/users\/8"}],"replies":[{"embeddable":true,"href":"https:\/\/afb26.org\/index.php?rest_route=%2Fwp%2Fv2%2Fcomments&post=6224"}],"version-history":[{"count":3,"href":"https:\/\/afb26.org\/index.php?rest_route=\/wp\/v2\/posts\/6224\/revisions"}],"predecessor-version":[{"id":6230,"href":"https:\/\/afb26.org\/index.php?rest_route=\/wp\/v2\/posts\/6224\/revisions\/6230"}],"wp:featuredmedia":[{"embeddable":true,"href":"https:\/\/afb26.org\/index.php?rest_route=\/wp\/v2\/media\/6182"}],"wp:attachment":[{"href":"https:\/\/afb26.org\/index.php?rest_route=%2Fwp%2Fv2%2Fmedia&parent=6224"}],"wp:term":[{"taxonomy":"category","embeddable":true,"href":"https:\/\/afb26.org\/index.php?rest_route=%2Fwp%2Fv2%2Fcategories&post=6224"},{"taxonomy":"post_tag","embeddable":true,"href":"https:\/\/afb26.org\/index.php?rest_route=%2Fwp%2Fv2%2Ftags&post=6224"}],"curies":[{"name":"wp","href":"https:\/\/api.w.org\/{rel}","templated":true}]}}