{"id":6233,"date":"2025-05-12T12:59:35","date_gmt":"2025-05-12T10:59:35","guid":{"rendered":"https:\/\/afb26.org\/?p=6233"},"modified":"2025-07-08T11:05:01","modified_gmt":"2025-07-08T09:05:01","slug":"1-2-journee-toustes-a-velo","status":"publish","type":"post","link":"https:\/\/afb26.org\/?p=6233","title":{"rendered":"1\/2 journ\u00e9e Toustes \u00e0 V\u00e9lo"},"content":{"rendered":"\n<h3 class=\"wp-block-heading\">Une matin\u00e9e autour du V\u00e9lo au Centre Social<\/h3>\n\n\n\n<div class=\"wp-block-media-text is-stacked-on-mobile\" style=\"grid-template-columns:30% auto\"><figure class=\"wp-block-media-text__media\"><img loading=\"lazy\" decoding=\"async\" width=\"724\" height=\"1024\" src=\"https:\/\/afb26.org\/wp-content\/uploads\/2025\/05\/Journee-Touste-a-Velo1-724x1024.png\" alt=\"\" class=\"wp-image-6232 size-full\" srcset=\"https:\/\/afb26.org\/wp-content\/uploads\/2025\/05\/Journee-Touste-a-Velo1-724x1024.png 724w, https:\/\/afb26.org\/wp-content\/uploads\/2025\/05\/Journee-Touste-a-Velo1-212x300.png 212w, https:\/\/afb26.org\/wp-content\/uploads\/2025\/05\/Journee-Touste-a-Velo1-768x1086.png 768w, https:\/\/afb26.org\/wp-content\/uploads\/2025\/05\/Journee-Touste-a-Velo1-1086x1536.png 1086w, https:\/\/afb26.org\/wp-content\/uploads\/2025\/05\/Journee-Touste-a-Velo1.png 1414w\" sizes=\"auto, (max-width: 724px) 100vw, 724px\" \/><\/figure><div class=\"wp-block-media-text__content\">\n<p class=\"has-medium-font-size\">Toustes \u00e0 V\u00e9lo !<\/p>\n\n\n\n<p class=\"has-medium-font-size\">C&#8217;est une matin\u00e9e pour toutes et tous autour du V\u00e9lo, au programme : <\/p>\n\n\n\n<ul class=\"wp-block-list\">\n<li class=\"has-medium-font-size\">Atelier d\u00e9couverte du v\u00e9lo et tricycle \u00e0 assistance \u00e9lectrique : Venez essayer, poser vos questions&#8230;<\/li>\n\n\n\n<li class=\"has-medium-font-size\">Une remise en selle accompagn\u00e9e par un professionnel : Vous n&#8217;avez pas fait de v\u00e9lo depuis longtemps et avez besoin d&#8217;\u00eatre accompagn\u00e9 pour \u00eatre plus \u00e0 l&#8217;aise, plus sure de vous, venez essayer !<\/li>\n\n\n\n<li class=\"has-medium-font-size\">Atelier initiation \u00e0 la m\u00e9canique v\u00e9lo anim\u00e9 par Dromolib : d\u00e9monstration de petites r\u00e9parations sur v\u00e9los, accessible \u00e0 tous<\/li>\n\n\n\n<li class=\"has-medium-font-size\">T\u00e9moignages v\u00e9lo : venez d\u00e9couvrir des v\u00e9los pas comme les autres<\/li>\n<\/ul>\n\n\n\n<p> <\/p>\n<\/div><\/div>\n","protected":false},"excerpt":{"rendered":"<p>Une matin\u00e9e autour du V\u00e9lo au Centre Social<\/p>\n","protected":false},"author":8,"featured_media":6232,"comment_status":"closed","ping_status":"closed","sticky":false,"template":"","format":"standard","meta":{"footnotes":""},"categories":[25],"tags":[],"class_list":["post-6233","post","type-post","status-publish","format-standard","has-post-thumbnail","hentry","category-archives-actualites-afb"],"_links":{"self":[{"href":"https:\/\/afb26.org\/index.php?rest_route=\/wp\/v2\/posts\/6233","targetHints":{"allow":["GET"]}}],"collection":[{"href":"https:\/\/afb26.org\/index.php?rest_route=\/wp\/v2\/posts"}],"about":[{"href":"https:\/\/afb26.org\/index.php?rest_route=\/wp\/v2\/types\/post"}],"author":[{"embeddable":true,"href":"https:\/\/afb26.org\/index.php?rest_route=\/wp\/v2\/users\/8"}],"replies":[{"embeddable":true,"href":"https:\/\/afb26.org\/index.php?rest_route=%2Fwp%2Fv2%2Fcomments&post=6233"}],"version-history":[{"count":1,"href":"https:\/\/afb26.org\/index.php?rest_route=\/wp\/v2\/posts\/6233\/revisions"}],"predecessor-version":[{"id":6234,"href":"https:\/\/afb26.org\/index.php?rest_route=\/wp\/v2\/posts\/6233\/revisions\/6234"}],"wp:featuredmedia":[{"embeddable":true,"href":"https:\/\/afb26.org\/index.php?rest_route=\/wp\/v2\/media\/6232"}],"wp:attachment":[{"href":"https:\/\/afb26.org\/index.php?rest_route=%2Fwp%2Fv2%2Fmedia&parent=6233"}],"wp:term":[{"taxonomy":"category","embeddable":true,"href":"https:\/\/afb26.org\/index.php?rest_route=%2Fwp%2Fv2%2Fcategories&post=6233"},{"taxonomy":"post_tag","embeddable":true,"href":"https:\/\/afb26.org\/index.php?rest_route=%2Fwp%2Fv2%2Ftags&post=6233"}],"curies":[{"name":"wp","href":"https:\/\/api.w.org\/{rel}","templated":true}]}}