{"id":6360,"date":"2025-09-17T15:21:54","date_gmt":"2025-09-17T13:21:54","guid":{"rendered":"https:\/\/afb26.org\/?p=6360"},"modified":"2025-09-17T15:21:55","modified_gmt":"2025-09-17T13:21:55","slug":"le-portage-bebe","status":"publish","type":"post","link":"https:\/\/afb26.org\/?p=6360","title":{"rendered":"Le portage b\u00e9b\u00e9"},"content":{"rendered":"\n<div class=\"wp-block-media-text is-stacked-on-mobile\" style=\"grid-template-columns:43% auto\"><figure class=\"wp-block-media-text__media\"><img loading=\"lazy\" decoding=\"async\" width=\"819\" height=\"1024\" src=\"https:\/\/afb26.org\/wp-content\/uploads\/2025\/08\/Affiche-portage-2025-T4-819x1024.jpg\" alt=\"\" class=\"wp-image-6584 size-full\" srcset=\"https:\/\/afb26.org\/wp-content\/uploads\/2025\/08\/Affiche-portage-2025-T4-819x1024.jpg 819w, https:\/\/afb26.org\/wp-content\/uploads\/2025\/08\/Affiche-portage-2025-T4-240x300.jpg 240w, https:\/\/afb26.org\/wp-content\/uploads\/2025\/08\/Affiche-portage-2025-T4-768x960.jpg 768w, https:\/\/afb26.org\/wp-content\/uploads\/2025\/08\/Affiche-portage-2025-T4.jpg 1080w\" sizes=\"auto, (max-width: 819px) 100vw, 819px\" \/><\/figure><div class=\"wp-block-media-text__content\">\n<p class=\"has-text-align-center has-large-font-size\"><strong><mark>Une permanence pour parler et pratiquer le portage physiologique<\/mark><\/strong><\/p>\n\n\n\n<p class=\"has-medium-font-size\"><strong>Permanence : lundi 13 octobre de 10h \u00e0 12h <\/strong>(AFB, salle du bas) Anim\u00e9e par Louisane, O Creux de Mon Arbre), accompagnante en p\u00e9rinatalit\u00e9 et parentalit\u00e9<\/p>\n\n\n\n<p class=\"has-medium-font-size\">Que vous passiez 5 minutes pour poser une question, ou 2 heures pour essayer tous les modes de portage pour trouver celui qui vous correspond, cette permanence s&#8217;adresse \u00e0 tous les futurs parents et parents d&#8217;enfants de 0 \u00e0 3 ans qui se questionnent sur le portage physiologique de leur enfant. <\/p>\n\n\n\n<p class=\"has-medium-font-size\">N&#8217;h\u00e9sitez pas \u00e0 venir avec votre propre syst\u00e8me de portage si vous souhaitez le perfectionner.<\/p>\n\n\n\n<p class=\"has-medium-font-size\"><strong>Inscriptions \u00e0 l&#8217;accueil du centre social \/ 04.75.28.17.28<\/strong><\/p>\n\n\n\n<p><\/p>\n\n\n\n<p><\/p>\n<\/div><\/div>\n\n\n\n<p class=\"has-regular-font-size\"><em>\u00ab&nbsp;\u00catre parent dans les Baronnies&nbsp;\u00bb est un projet global de soutien \u00e0 la parentalit\u00e9 port\u00e9 par le centre social AFB, en partenariat avec la CAF, la MSA, l\u2019UDAF et la Mairie de Buis-les-Baronnies. Ce projet s\u2019adresse \u00e0 tous les parents du bassin de vie.<\/em> <em>Ses objectifs sont de contribuer \u00e0 l\u2019\u00e9panouissement des personnes dans leur r\u00f4le de parents ou grands-parents, valoriser les comp\u00e9tences parentales et leur diversit\u00e9, apporter un soutien aux familles isol\u00e9es, favoriser les temps d\u2019\u00e9changes entre les parents et sensibiliser \u00e0 la notion de r\u00e9pit parental<\/em>. <em>Il est pens\u00e9 \u00e0 partir des besoins exprim\u00e9s \u00e0 travers nos \u00e9changes avec les familles et les partenaires, n\u2019h\u00e9sitez donc pas \u00e0 venir nous faire part de vos id\u00e9es, difficult\u00e9s, envies&#8230; pour que nous y r\u00e9fl\u00e9chissions ensemble&nbsp;!<\/em><\/p>\n\n\n\n<p class=\"has-regular-font-size\"><\/p>\n\n\n\n<p><\/p>\n","protected":false},"excerpt":{"rendered":"<p>Une permanence pour parler et pratiquer le portage physiologique Permanence : lundi 13 octobre de 10h \u00e0 12h (AFB, salle du bas) Anim\u00e9e par Louisane, O Creux de Mon Arbre), accompagnante en p\u00e9rinatalit\u00e9 et parentalit\u00e9 Que vous passiez 5 minutes pour poser une question, ou 2 heures pour essayer tous les modes de portage pour &hellip;<\/p>\n","protected":false},"author":9,"featured_media":6584,"comment_status":"closed","ping_status":"closed","sticky":false,"template":"","format":"standard","meta":{"footnotes":""},"categories":[2],"tags":[43,34,109,107,108],"class_list":["post-6360","post","type-post","status-publish","format-standard","has-post-thumbnail","hentry","category-actus-afb","tag-association","tag-centre-social","tag-jeune-parent","tag-parentalite","tag-portage-bebe"],"_links":{"self":[{"href":"https:\/\/afb26.org\/index.php?rest_route=\/wp\/v2\/posts\/6360","targetHints":{"allow":["GET"]}}],"collection":[{"href":"https:\/\/afb26.org\/index.php?rest_route=\/wp\/v2\/posts"}],"about":[{"href":"https:\/\/afb26.org\/index.php?rest_route=\/wp\/v2\/types\/post"}],"author":[{"embeddable":true,"href":"https:\/\/afb26.org\/index.php?rest_route=\/wp\/v2\/users\/9"}],"replies":[{"embeddable":true,"href":"https:\/\/afb26.org\/index.php?rest_route=%2Fwp%2Fv2%2Fcomments&post=6360"}],"version-history":[{"count":17,"href":"https:\/\/afb26.org\/index.php?rest_route=\/wp\/v2\/posts\/6360\/revisions"}],"predecessor-version":[{"id":6767,"href":"https:\/\/afb26.org\/index.php?rest_route=\/wp\/v2\/posts\/6360\/revisions\/6767"}],"wp:featuredmedia":[{"embeddable":true,"href":"https:\/\/afb26.org\/index.php?rest_route=\/wp\/v2\/media\/6584"}],"wp:attachment":[{"href":"https:\/\/afb26.org\/index.php?rest_route=%2Fwp%2Fv2%2Fmedia&parent=6360"}],"wp:term":[{"taxonomy":"category","embeddable":true,"href":"https:\/\/afb26.org\/index.php?rest_route=%2Fwp%2Fv2%2Fcategories&post=6360"},{"taxonomy":"post_tag","embeddable":true,"href":"https:\/\/afb26.org\/index.php?rest_route=%2Fwp%2Fv2%2Ftags&post=6360"}],"curies":[{"name":"wp","href":"https:\/\/api.w.org\/{rel}","templated":true}]}}