{"id":6609,"date":"2025-08-05T11:24:26","date_gmt":"2025-08-05T09:24:26","guid":{"rendered":"https:\/\/afb26.org\/?p=6609"},"modified":"2025-08-05T11:27:05","modified_gmt":"2025-08-05T09:27:05","slug":"linstant-parent-des-ateliers-rien-que-pour-vous","status":"publish","type":"post","link":"https:\/\/afb26.org\/?p=6609","title":{"rendered":"L&#8217;instant Parent : des ateliers rien que pour vous !"},"content":{"rendered":"\n<h2 class=\"wp-block-heading\">L&#8217;instant Parent : des ateliers rien que pour vous !<\/h2>\n\n\n\n<div class=\"wp-block-media-text is-stacked-on-mobile is-vertically-aligned-top\" style=\"grid-template-columns:33% auto\"><figure class=\"wp-block-media-text__media\"><img loading=\"lazy\" decoding=\"async\" width=\"819\" height=\"1024\" src=\"https:\/\/afb26.org\/wp-content\/uploads\/2025\/08\/Affiche-LInstant-Parent-2025-T4-819x1024.jpg\" alt=\"\" class=\"wp-image-6580 size-full\" srcset=\"https:\/\/afb26.org\/wp-content\/uploads\/2025\/08\/Affiche-LInstant-Parent-2025-T4-819x1024.jpg 819w, https:\/\/afb26.org\/wp-content\/uploads\/2025\/08\/Affiche-LInstant-Parent-2025-T4-240x300.jpg 240w, https:\/\/afb26.org\/wp-content\/uploads\/2025\/08\/Affiche-LInstant-Parent-2025-T4-768x960.jpg 768w, https:\/\/afb26.org\/wp-content\/uploads\/2025\/08\/Affiche-LInstant-Parent-2025-T4.jpg 1080w\" sizes=\"auto, (max-width: 819px) 100vw, 819px\" \/><\/figure><div class=\"wp-block-media-text__content\">\n<p>Le centre social vous propose 3 nouveaux ateliers, rien que pour les parents, sur la th\u00e9matique des \u00e9motions.<\/p>\n\n\n\n<p>Savoir r\u00e9agir avec pertinence, douceur et efficacit\u00e9 aux r\u00e9actions \u00e9motionnelles des enfants ? Que se passe-t-il dans sa t\u00eate, son corps et son c\u0153ur quand il vit des \u00e9motions ? Comment accueillir et l&#8217;accompagner au mieux ?<\/p>\n\n\n\n<p>Parfois, nous nous sentons d\u00e9sarm\u00e9.es de constater qu&#8217;accueillir leurs \u00e9motions, semble davantage les exacerber&nbsp;! Que se passe-t-il&nbsp;? Ces 3 ateliers permettront de r\u00e9pondre \u00e0 vos questions.<\/p>\n\n\n\n<h5 class=\"wp-block-heading\">Dans ces ateliers :<\/h5>\n\n\n\n<ul class=\"wp-block-list\">\n<li>Vous d\u00e9couvrirez combien les&nbsp;<strong>\u00e9motions se passent dans le corps,<\/strong><\/li>\n\n\n\n<li>Vous obtiendrez des&nbsp;<strong>cl\u00e9s de compr\u00e9hension&nbsp;<\/strong>pour identifier et mesurer ce qui se passe&nbsp;dans le c\u0153ur de vos enfants,<\/li>\n\n\n\n<li>Vous vous entrainerez \u00e0 poser des&nbsp;<strong>mots empathiques<\/strong>&nbsp;sur le v\u00e9cu de l&#8217;enfant,<\/li>\n\n\n\n<li>Vous d\u00e9c\u00e8lerez la&nbsp;<strong>v\u00e9ritable \u00e9motion<\/strong>&nbsp;enfouie dans son c\u0153ur,<\/li>\n\n\n\n<li>Vous remarquerez qu&#8217;une&nbsp;<strong>r\u00e9action \u00e9motionnelle<\/strong>&nbsp;peut en cacher une autre,<\/li>\n\n\n\n<li>Vous utiliserez des&nbsp;<strong>outils concrets<\/strong>&nbsp;pour accompagner l&#8217;expression de chaque \u00e9motion,<\/li>\n\n\n\n<li>Vous d\u00e9couvrirez comment d\u00e9velopper<strong>&nbsp;empathie corporelle et cognitive<\/strong>.<\/li>\n<\/ul>\n<\/div><\/div>\n\n\n\n<p><strong>Samedi 20 septembre<\/strong> &#8211; &#8220;Col\u00e8re et d\u00e9go\u00fbt&#8221; : Au c\u0153ur de ces deux \u00e9motions, col\u00e8re bien connue et qui semble parfois incontr\u00f4lable&#8230; que se cache-t-il derri\u00e8re cette impression ?&nbsp;Vous apprendrez comment&nbsp;\u00e9viter de renforcer ses col\u00e8res tout en accueillant ce qui a besoin de l&#8217;\u00eatre. Vous d\u00e9couvrirez le d\u00e9go\u00fbt et sa fonction indispensable.<\/p>\n\n\n\n<p><strong>Samedi 11 octobre <\/strong>&#8211; &#8220;Peur et surprise&#8221;&nbsp;: Dans cet atelier vous apprendrez \u00e0 faire la diff\u00e9rence entre angoisse, peur, terreur, phobie anxi\u00e9t\u00e9, inqui\u00e9tude et sentiment d&#8217;ins\u00e9curit\u00e9. Vous apprendrez \u00e0 aider vos enfants \u00e0&nbsp;respecter certaines de leurs craintes, \u00e0 faire face \u00e0 d&#8217;autres.<\/p>\n\n\n\n<p><strong>Samedi 15 novembre<\/strong> &#8211; &#8220;Tristesse et honte&#8221; &#8211; Nous explorerons ce que cachent les larmes, comment accueillir la tristesse et comment se construit la honte.<\/p>\n\n\n\n<p>Au cours de ces 3 ateliers, il sera \u00e9galement question de joie et d&#8217;amour, \u00e9motions essentielles \u00e0 l&#8217;\u00e9panouissement, qui se manifestent parfois de mani\u00e8re surprenante.<\/p>\n\n\n\n<p><em>Anim\u00e9s par Nolwenn GERVAIS (Prendre Soin des Liens), consultante en parentalit\u00e9<\/em> <em>et \u00e9ducation<\/em><\/p>\n\n\n\n<p><em>Ateliers gratuits, sur inscription<\/em>. <em>Ces 3 ateliers sont ind\u00e9pendants les uns des autres mais nous vous conseillons fortement d&#8217;assister \u00e0 l&#8217;ensemble des ateliers car ils se compl\u00e8tent.<\/em><\/p>\n\n\n\n<p><em>Garde d&#8217;enfant possible sur place<\/em>, <em>merci de pr\u00e9ciser votre besoin lors de l&#8217;inscription<\/em><\/p>\n","protected":false},"excerpt":{"rendered":"<p>L&#8217;instant Parent : des ateliers rien que pour vous ! Samedi 20 septembre &#8211; &#8220;Col\u00e8re et d\u00e9go\u00fbt&#8221; : Au c\u0153ur de ces deux \u00e9motions, col\u00e8re bien connue et qui semble parfois incontr\u00f4lable&#8230; que se cache-t-il derri\u00e8re cette impression ?&nbsp;Vous apprendrez comment&nbsp;\u00e9viter de renforcer ses col\u00e8res tout en accueillant ce qui a besoin de l&#8217;\u00eatre. Vous &hellip;<\/p>\n","protected":false},"author":9,"featured_media":6580,"comment_status":"closed","ping_status":"closed","sticky":false,"template":"","format":"standard","meta":{"footnotes":""},"categories":[2],"tags":[],"class_list":["post-6609","post","type-post","status-publish","format-standard","has-post-thumbnail","hentry","category-actus-afb"],"_links":{"self":[{"href":"https:\/\/afb26.org\/index.php?rest_route=\/wp\/v2\/posts\/6609","targetHints":{"allow":["GET"]}}],"collection":[{"href":"https:\/\/afb26.org\/index.php?rest_route=\/wp\/v2\/posts"}],"about":[{"href":"https:\/\/afb26.org\/index.php?rest_route=\/wp\/v2\/types\/post"}],"author":[{"embeddable":true,"href":"https:\/\/afb26.org\/index.php?rest_route=\/wp\/v2\/users\/9"}],"replies":[{"embeddable":true,"href":"https:\/\/afb26.org\/index.php?rest_route=%2Fwp%2Fv2%2Fcomments&post=6609"}],"version-history":[{"count":6,"href":"https:\/\/afb26.org\/index.php?rest_route=\/wp\/v2\/posts\/6609\/revisions"}],"predecessor-version":[{"id":6617,"href":"https:\/\/afb26.org\/index.php?rest_route=\/wp\/v2\/posts\/6609\/revisions\/6617"}],"wp:featuredmedia":[{"embeddable":true,"href":"https:\/\/afb26.org\/index.php?rest_route=\/wp\/v2\/media\/6580"}],"wp:attachment":[{"href":"https:\/\/afb26.org\/index.php?rest_route=%2Fwp%2Fv2%2Fmedia&parent=6609"}],"wp:term":[{"taxonomy":"category","embeddable":true,"href":"https:\/\/afb26.org\/index.php?rest_route=%2Fwp%2Fv2%2Fcategories&post=6609"},{"taxonomy":"post_tag","embeddable":true,"href":"https:\/\/afb26.org\/index.php?rest_route=%2Fwp%2Fv2%2Ftags&post=6609"}],"curies":[{"name":"wp","href":"https:\/\/api.w.org\/{rel}","templated":true}]}}