{"id":6623,"date":"2026-03-08T12:02:23","date_gmt":"2026-03-08T11:02:23","guid":{"rendered":"https:\/\/afb26.org\/?p=6623"},"modified":"2026-04-23T17:02:18","modified_gmt":"2026-04-23T15:02:18","slug":"latelier-chantant-reprise-le-18-septembre-2025","status":"publish","type":"post","link":"https:\/\/afb26.org\/?p=6623","title":{"rendered":"L&#8217;Atelier Chantant : Partagez un moment de d\u00e9tente et de convivialit\u00e9"},"content":{"rendered":"\n<h2 class=\"wp-block-heading\">L&#8217;Atelier Chantant<\/h2>\n\n\n\n<div class=\"wp-block-media-text is-stacked-on-mobile is-vertically-aligned-top\" style=\"grid-template-columns:30% auto\"><figure class=\"wp-block-media-text__media\"><img loading=\"lazy\" decoding=\"async\" width=\"819\" height=\"1024\" src=\"https:\/\/afb26.org\/wp-content\/uploads\/2025\/12\/Affiche-Atelier-Chantant3-1-819x1024.png\" alt=\"\" class=\"wp-image-7143 size-full\" srcset=\"https:\/\/afb26.org\/wp-content\/uploads\/2025\/12\/Affiche-Atelier-Chantant3-1-819x1024.png 819w, https:\/\/afb26.org\/wp-content\/uploads\/2025\/12\/Affiche-Atelier-Chantant3-1-240x300.png 240w, https:\/\/afb26.org\/wp-content\/uploads\/2025\/12\/Affiche-Atelier-Chantant3-1-768x960.png 768w, https:\/\/afb26.org\/wp-content\/uploads\/2025\/12\/Affiche-Atelier-Chantant3-1.png 1080w\" sizes=\"auto, (max-width: 819px) 100vw, 819px\" \/><\/figure><div class=\"wp-block-media-text__content\">\n<p class=\"has-medium-font-size\">Venez partager un moment de d\u00e9tente et de convivialit\u00e9, au travers de jeux de voix et de respiration : l&#8217;occasion de venir explorer sa voix, que l&#8217;on soit chanteur ou non, dans la joie et la bonne humeur ! <\/p>\n\n\n\n<p class=\"has-medium-font-size\">Au-del\u00e0 de la pratique d&#8217;une activit\u00e9 collective, l&#8217;Atelier Chantant, \u00e0 travers<br>l&#8217;exploration de sa voix, permet l&#8217;expression, la prise de confiance en soi, le l\u00e2cher-prise, l&#8217;apaisement du stress\u2026<\/p>\n\n\n\n<p class=\"has-medium-font-size\">L&#8217;ann\u00e9e 2025-2026 sera l&#8217;occasion d&#8217;un \u00e9change interg\u00e9n\u00e9rationnel avec les \u00e9tudiants de la MFR pour explorer ensemble les chants d&#8217;hier et d&#8217;aujourd&#8217;hui \u00e0 l&#8217;occasion de rencontres r\u00e9guli\u00e8res.<\/p>\n\n\n\n<p class=\"has-medium-font-size\"><em>Anim\u00e9s par V\u00e9ronique GERARD-YAZIDJIAN<\/em><\/p>\n\n\n\n<p class=\"has-medium-font-size\"><em>Ateliers gratuits, \u00e0 partir de 60 ans<\/em><\/p>\n\n\n\n<p class=\"has-medium-font-size\"><em>Go\u00fbter offert \u00e0 l&#8217;issue de la s\u00e9ance<\/em><\/p>\n<\/div><\/div>\n","protected":false},"excerpt":{"rendered":"<p>L&#8217;Atelier Chantant Venez partager un moment de d\u00e9tente et de convivialit\u00e9, au travers de jeux de voix et de respiration : l&#8217;occasion de venir explorer sa voix, que l&#8217;on soit chanteur ou non, dans la joie et la bonne humeur ! Au-del\u00e0 de la pratique d&#8217;une activit\u00e9 collective, l&#8217;Atelier Chantant, \u00e0 traversl&#8217;exploration de sa voix, &hellip;<\/p>\n","protected":false},"author":9,"featured_media":7143,"comment_status":"closed","ping_status":"closed","sticky":false,"template":"","format":"standard","meta":{"footnotes":""},"categories":[2],"tags":[34,145,98,148,146,147,97],"class_list":["post-6623","post","type-post","status-publish","format-standard","has-post-thumbnail","hentry","category-actus-afb","tag-centre-social","tag-chant","tag-convivial","tag-detente","tag-gouter","tag-respiration","tag-seniors"],"_links":{"self":[{"href":"https:\/\/afb26.org\/index.php?rest_route=\/wp\/v2\/posts\/6623","targetHints":{"allow":["GET"]}}],"collection":[{"href":"https:\/\/afb26.org\/index.php?rest_route=\/wp\/v2\/posts"}],"about":[{"href":"https:\/\/afb26.org\/index.php?rest_route=\/wp\/v2\/types\/post"}],"author":[{"embeddable":true,"href":"https:\/\/afb26.org\/index.php?rest_route=\/wp\/v2\/users\/9"}],"replies":[{"embeddable":true,"href":"https:\/\/afb26.org\/index.php?rest_route=%2Fwp%2Fv2%2Fcomments&post=6623"}],"version-history":[{"count":6,"href":"https:\/\/afb26.org\/index.php?rest_route=\/wp\/v2\/posts\/6623\/revisions"}],"predecessor-version":[{"id":7144,"href":"https:\/\/afb26.org\/index.php?rest_route=\/wp\/v2\/posts\/6623\/revisions\/7144"}],"wp:featuredmedia":[{"embeddable":true,"href":"https:\/\/afb26.org\/index.php?rest_route=\/wp\/v2\/media\/7143"}],"wp:attachment":[{"href":"https:\/\/afb26.org\/index.php?rest_route=%2Fwp%2Fv2%2Fmedia&parent=6623"}],"wp:term":[{"taxonomy":"category","embeddable":true,"href":"https:\/\/afb26.org\/index.php?rest_route=%2Fwp%2Fv2%2Fcategories&post=6623"},{"taxonomy":"post_tag","embeddable":true,"href":"https:\/\/afb26.org\/index.php?rest_route=%2Fwp%2Fv2%2Ftags&post=6623"}],"curies":[{"name":"wp","href":"https:\/\/api.w.org\/{rel}","templated":true}]}}