{"id":6686,"date":"2025-09-02T12:18:34","date_gmt":"2025-09-02T10:18:34","guid":{"rendered":"https:\/\/afb26.org\/?p=6686"},"modified":"2025-09-02T12:18:35","modified_gmt":"2025-09-02T10:18:35","slug":"gratiferia-dautomne","status":"publish","type":"post","link":"https:\/\/afb26.org\/?p=6686","title":{"rendered":"Gratif\u00e9ria d&#8217;automne"},"content":{"rendered":"\n<h2 class=\"wp-block-heading\">Gratif\u00e9ria d&#8217;automne : du mercredi 24 au samedi 27 septembre 2025<\/h2>\n\n\n\n<div class=\"wp-block-media-text is-stacked-on-mobile\" style=\"grid-template-columns:30% auto\"><figure class=\"wp-block-media-text__media\"><img loading=\"lazy\" decoding=\"async\" width=\"724\" height=\"1024\" src=\"https:\/\/afb26.org\/wp-content\/uploads\/2025\/09\/Affiche-grati-automne1-2-724x1024.png\" alt=\"\" class=\"wp-image-6694 size-full\" srcset=\"https:\/\/afb26.org\/wp-content\/uploads\/2025\/09\/Affiche-grati-automne1-2-724x1024.png 724w, https:\/\/afb26.org\/wp-content\/uploads\/2025\/09\/Affiche-grati-automne1-2-212x300.png 212w, https:\/\/afb26.org\/wp-content\/uploads\/2025\/09\/Affiche-grati-automne1-2-768x1086.png 768w, https:\/\/afb26.org\/wp-content\/uploads\/2025\/09\/Affiche-grati-automne1-2-1086x1536.png 1086w, https:\/\/afb26.org\/wp-content\/uploads\/2025\/09\/Affiche-grati-automne1-2.png 1414w\" sizes=\"auto, (max-width: 724px) 100vw, 724px\" \/><\/figure><div class=\"wp-block-media-text__content\">\n<p class=\"has-regular-font-size\">Apr\u00e8s la rentr\u00e9e et pour f\u00eater le d\u00e9but de l&#8217;automne, C&#8217;est le moment de faire du tri !! <\/p>\n\n\n\n<p class=\"has-regular-font-size\">Pr\u00e9parer vos dons, v\u00eatements propres et de saison, objets, petit mat\u00e9riel, livres, d\u00e9co&#8230;etc<\/p>\n\n\n\n<p class=\"has-regular-font-size\">Du mercredi 24 septembre \u00e0 9h au samedi 27 septembre \u00e0 12h avec, comme \u00e0 l&#8217;habitude, des ateliers gratuits divers et vari\u00e9s. <\/p>\n\n\n\n<p class=\"has-suki-color-5-color has-text-color has-link-color has-regular-font-size wp-elements-e99c77f455b34c1451c4ab1eb116cf88\"><strong>Programme<\/strong><\/p>\n\n\n\n<p class=\"has-suki-color-5-color has-text-color has-link-color has-regular-font-size wp-elements-728298c11fe571ac8c6c2c087fdf5b40\"><strong>mercredi 24 septembre2025 :<\/strong> 16h\/18h Atelier CEDER fabriquer des bijoux avec les plantes<\/p>\n\n\n\n<p class=\"has-suki-color-5-color has-text-color has-link-color has-regular-font-size wp-elements-d7a809d918cdaa77836d89f59548a426\"><strong>Jeudi 25 septembre 2025 :<\/strong> 16h\/18h Atelier CEDER cuisine Anti- gaspi<\/p>\n\n\n\n<p class=\"has-suki-color-5-color has-text-color has-link-color has-regular-font-size wp-elements-3432f26cea358ce420dcffa89794be66\"><strong>Vendredi 26 septembre 2025 :<\/strong> 15h\/18h Atelier Couture<\/p>\n\n\n\n<p class=\"has-regular-font-size\">N&#8217;h\u00e9sitez pas \u00e0 venir faire un tour, c&#8217;est ouvert \u00e0 tous ! m\u00eame si vous n&#8217;avez rien \u00e0 donner ou besoin de rien, ce sera l&#8217;occasion de partager un moment convivial, de discuter, de participer aux ateliers&#8230;<\/p>\n\n\n\n<p class=\"has-regular-font-size\"><strong>Appel \u00e0 b\u00e9n\u00e9voles : <\/strong><\/p>\n\n\n\n<p class=\"has-regular-font-size\">On a toujours besoin de monde sur la gratif\u00e9ria : installation (la veille l&#8217;apr\u00e8s midi) accueil des personnes, orientation et aide pour d\u00e9poser sur les tables, tri tout au long de la grati, rangement le samedi 12h&#8230;<br>Si vous avez du temps libre et que le projet vous int\u00e9resse, contactez nous pour vous inscrire !!<\/p>\n<\/div><\/div>\n\n\n\n<p class=\"has-suki-color-2-color has-text-color has-link-color has-medium-font-size wp-elements-1d4b5d676219657173d301c22ceba555\"><strong>Renseignements \/ Inscriptions : <\/strong><\/p>\n\n\n\n<p class=\"has-medium-font-size\">04 75 28 17 28 &#8211; accueil@afb26.org<\/p>\n\n\n\n<p><\/p>\n","protected":false},"excerpt":{"rendered":"<p>Gratif\u00e9ria d&#8217;automne : du mercredi 24 au samedi 27 septembre 2025 Apr\u00e8s la rentr\u00e9e et pour f\u00eater le d\u00e9but de l&#8217;automne, C&#8217;est le moment de faire du tri !! Pr\u00e9parer vos dons, v\u00eatements propres et de saison, objets, petit mat\u00e9riel, livres, d\u00e9co&#8230;etc Du mercredi 24 septembre \u00e0 9h au samedi 27 septembre \u00e0 12h avec, &hellip;<\/p>\n","protected":false},"author":8,"featured_media":6691,"comment_status":"closed","ping_status":"closed","sticky":false,"template":"","format":"standard","meta":{"footnotes":""},"categories":[2],"tags":[43,18,105,36,106,34,103,72,102,35,104],"class_list":["post-6686","post","type-post","status-publish","format-standard","has-post-thumbnail","hentry","category-actus-afb","tag-association","tag-atelier","tag-automne","tag-baronnies","tag-ceder","tag-centre-social","tag-convivialite","tag-couture","tag-gratuite","tag-habitants","tag-lien-social"],"_links":{"self":[{"href":"https:\/\/afb26.org\/index.php?rest_route=\/wp\/v2\/posts\/6686","targetHints":{"allow":["GET"]}}],"collection":[{"href":"https:\/\/afb26.org\/index.php?rest_route=\/wp\/v2\/posts"}],"about":[{"href":"https:\/\/afb26.org\/index.php?rest_route=\/wp\/v2\/types\/post"}],"author":[{"embeddable":true,"href":"https:\/\/afb26.org\/index.php?rest_route=\/wp\/v2\/users\/8"}],"replies":[{"embeddable":true,"href":"https:\/\/afb26.org\/index.php?rest_route=%2Fwp%2Fv2%2Fcomments&post=6686"}],"version-history":[{"count":3,"href":"https:\/\/afb26.org\/index.php?rest_route=\/wp\/v2\/posts\/6686\/revisions"}],"predecessor-version":[{"id":6706,"href":"https:\/\/afb26.org\/index.php?rest_route=\/wp\/v2\/posts\/6686\/revisions\/6706"}],"wp:featuredmedia":[{"embeddable":true,"href":"https:\/\/afb26.org\/index.php?rest_route=\/wp\/v2\/media\/6691"}],"wp:attachment":[{"href":"https:\/\/afb26.org\/index.php?rest_route=%2Fwp%2Fv2%2Fmedia&parent=6686"}],"wp:term":[{"taxonomy":"category","embeddable":true,"href":"https:\/\/afb26.org\/index.php?rest_route=%2Fwp%2Fv2%2Fcategories&post=6686"},{"taxonomy":"post_tag","embeddable":true,"href":"https:\/\/afb26.org\/index.php?rest_route=%2Fwp%2Fv2%2Ftags&post=6686"}],"curies":[{"name":"wp","href":"https:\/\/api.w.org\/{rel}","templated":true}]}}