{"id":6717,"date":"2025-09-05T17:24:30","date_gmt":"2025-09-05T15:24:30","guid":{"rendered":"https:\/\/afb26.org\/?p=6717"},"modified":"2025-09-05T17:26:40","modified_gmt":"2025-09-05T15:26:40","slug":"conference-les-transmissions-familiales","status":"publish","type":"post","link":"https:\/\/afb26.org\/?p=6717","title":{"rendered":"Conf\u00e9rence : Les transmissions familiales"},"content":{"rendered":"\n<h2 class=\"wp-block-heading\">Conf\u00e9rence : Les transmissions familiales<\/h2>\n\n\n\n<div class=\"wp-block-media-text is-stacked-on-mobile\" style=\"grid-template-columns:31% auto\"><figure class=\"wp-block-media-text__media\"><img loading=\"lazy\" decoding=\"async\" width=\"819\" height=\"1024\" src=\"https:\/\/afb26.org\/wp-content\/uploads\/2025\/09\/Conf-gd-parent-Publication-Instagram-45-819x1024.png\" alt=\"\" class=\"wp-image-6715 size-full\" srcset=\"https:\/\/afb26.org\/wp-content\/uploads\/2025\/09\/Conf-gd-parent-Publication-Instagram-45-819x1024.png 819w, https:\/\/afb26.org\/wp-content\/uploads\/2025\/09\/Conf-gd-parent-Publication-Instagram-45-240x300.png 240w, https:\/\/afb26.org\/wp-content\/uploads\/2025\/09\/Conf-gd-parent-Publication-Instagram-45-768x960.png 768w, https:\/\/afb26.org\/wp-content\/uploads\/2025\/09\/Conf-gd-parent-Publication-Instagram-45.png 1080w\" sizes=\"auto, (max-width: 819px) 100vw, 819px\" \/><\/figure><div class=\"wp-block-media-text__content\">\n<p class=\"has-medium-font-size\">Dans le cadre de la Semaine Bleue dont le th\u00e8me en 2025 est : &#8220;Vieillir, une force \u00e0 partager&#8221;, le centre social vous propose une conf\u00e9rence sur les transmissions familiales, suivie d&#8217;une table ronde.<\/p>\n\n\n\n<p class=\"has-text-align-center has-large-font-size\">&#8220;L&#8217;enfant et les transmissions familiales&#8221;<\/p>\n\n\n\n<p class=\"has-medium-font-size\">Pr\u00e9sent\u00e9e par B\u00e9atrice TRAMOND GONNET, psychologue clinicienne<\/p>\n\n\n\n<p class=\"has-medium-font-size\">Venez explorer les concepts de transmission, d&#8217;h\u00e9ritage, de transg\u00e9n\u00e9rationnel. Que transmet-on \u00e0 l\u2019enfant\u00a0? Que transmet un grand-parent ? Des transmissions qui nourrissent la croissance, la confiance et la joie de vivre. <\/p>\n\n\n\n<p class=\"has-medium-font-size\">Entre transmission et &#8220;trans-mission&#8221;, comment questionner la r\u00e9p\u00e9tition inconsciente de souffrances non r\u00e9solues ? Que transmettre soit une dynamique cr\u00e9atrice et positive : comment devenir un bon anc\u00eatre afin de laisser aux g\u00e9n\u00e9rations futures une empreinte qui alimente la vie, joyeuse et libre\u00a0?\u00a0\u00a0Peut-on pr\u00e9parer cette transmission\u00a0?<\/p>\n\n\n\n<p class=\"has-medium-font-size\"><em>Ouvert \u00e0 toutes et tous<\/em><\/p>\n<\/div><\/div>\n","protected":false},"excerpt":{"rendered":"<p>Conf\u00e9rence : Les transmissions familiales Dans le cadre de la Semaine Bleue dont le th\u00e8me en 2025 est : &#8220;Vieillir, une force \u00e0 partager&#8221;, le centre social vous propose une conf\u00e9rence sur les transmissions familiales, suivie d&#8217;une table ronde. &#8220;L&#8217;enfant et les transmissions familiales&#8221; Pr\u00e9sent\u00e9e par B\u00e9atrice TRAMOND GONNET, psychologue clinicienne Venez explorer les concepts &hellip;<\/p>\n","protected":false},"author":9,"featured_media":6715,"comment_status":"closed","ping_status":"closed","sticky":false,"template":"","format":"standard","meta":{"footnotes":""},"categories":[2],"tags":[],"class_list":["post-6717","post","type-post","status-publish","format-standard","has-post-thumbnail","hentry","category-actus-afb"],"_links":{"self":[{"href":"https:\/\/afb26.org\/index.php?rest_route=\/wp\/v2\/posts\/6717","targetHints":{"allow":["GET"]}}],"collection":[{"href":"https:\/\/afb26.org\/index.php?rest_route=\/wp\/v2\/posts"}],"about":[{"href":"https:\/\/afb26.org\/index.php?rest_route=\/wp\/v2\/types\/post"}],"author":[{"embeddable":true,"href":"https:\/\/afb26.org\/index.php?rest_route=\/wp\/v2\/users\/9"}],"replies":[{"embeddable":true,"href":"https:\/\/afb26.org\/index.php?rest_route=%2Fwp%2Fv2%2Fcomments&post=6717"}],"version-history":[{"count":6,"href":"https:\/\/afb26.org\/index.php?rest_route=\/wp\/v2\/posts\/6717\/revisions"}],"predecessor-version":[{"id":6723,"href":"https:\/\/afb26.org\/index.php?rest_route=\/wp\/v2\/posts\/6717\/revisions\/6723"}],"wp:featuredmedia":[{"embeddable":true,"href":"https:\/\/afb26.org\/index.php?rest_route=\/wp\/v2\/media\/6715"}],"wp:attachment":[{"href":"https:\/\/afb26.org\/index.php?rest_route=%2Fwp%2Fv2%2Fmedia&parent=6717"}],"wp:term":[{"taxonomy":"category","embeddable":true,"href":"https:\/\/afb26.org\/index.php?rest_route=%2Fwp%2Fv2%2Fcategories&post=6717"},{"taxonomy":"post_tag","embeddable":true,"href":"https:\/\/afb26.org\/index.php?rest_route=%2Fwp%2Fv2%2Ftags&post=6717"}],"curies":[{"name":"wp","href":"https:\/\/api.w.org\/{rel}","templated":true}]}}