{"id":6742,"date":"2025-09-09T15:31:53","date_gmt":"2025-09-09T13:31:53","guid":{"rendered":"https:\/\/afb26.org\/?p=6742"},"modified":"2025-09-11T16:59:08","modified_gmt":"2025-09-11T14:59:08","slug":"la-journee-bleue-2025","status":"publish","type":"post","link":"https:\/\/afb26.org\/?p=6742","title":{"rendered":"La Journ\u00e9e Bleue 2025"},"content":{"rendered":"\n<h2 class=\"wp-block-heading\">La Journ\u00e9e Bleue 2025<\/h2>\n\n\n\n<div class=\"wp-block-media-text is-stacked-on-mobile\"><figure class=\"wp-block-media-text__media\"><img loading=\"lazy\" decoding=\"async\" width=\"724\" height=\"1024\" src=\"https:\/\/afb26.org\/wp-content\/uploads\/2025\/09\/Journee-Bleue-2025-affiche-A4-1-724x1024.png\" alt=\"\" class=\"wp-image-6755 size-full\" srcset=\"https:\/\/afb26.org\/wp-content\/uploads\/2025\/09\/Journee-Bleue-2025-affiche-A4-1-724x1024.png 724w, https:\/\/afb26.org\/wp-content\/uploads\/2025\/09\/Journee-Bleue-2025-affiche-A4-1-212x300.png 212w, https:\/\/afb26.org\/wp-content\/uploads\/2025\/09\/Journee-Bleue-2025-affiche-A4-1-768x1086.png 768w, https:\/\/afb26.org\/wp-content\/uploads\/2025\/09\/Journee-Bleue-2025-affiche-A4-1-1086x1536.png 1086w, https:\/\/afb26.org\/wp-content\/uploads\/2025\/09\/Journee-Bleue-2025-affiche-A4-1.png 1414w\" sizes=\"auto, (max-width: 724px) 100vw, 724px\" \/><\/figure><div class=\"wp-block-media-text__content\">\n<p class=\"has-regular-font-size\">Dans le cadre de la Semaine Bleue 2025, le Centre de Ressources Territorial des Baronnies et la Plateforme de R\u00e9pit Escapade (ORSAC), la MFR, le Lieu Associatif Citoyen, le Projet Clochette, le CCAS, le Club de l\u2019Amiti\u00e9 et le Centre Social AFB vous propose :<\/p>\n\n\n\n<p class=\"has-text-align-center has-large-font-size\"><strong>La Journ\u00e9e Bleue<\/strong><\/p>\n\n\n\n<p class=\"has-text-align-center has-large-font-size\"><strong>\u00e0 Buis-les-Baronnies<\/strong><\/p>\n\n\n\n<p class=\"has-text-align-center has-large-font-size\"><strong>Le mardi 7 octobre 2025<\/strong><\/p>\n\n\n\n<p class=\"has-medium-font-size\">Semaine nationale des retrait\u00e9s et des personnes \u00e2g\u00e9es, la Semaine Bleue a pour vocation de valoriser la place des a\u00een\u00e9s dans notre soci\u00e9t\u00e9 et l\u2019importance des liens entre les g\u00e9n\u00e9rations.<\/p>\n\n\n\n<p class=\"has-medium-font-size\">Cette journ\u00e9e buxoise s&#8217;adresse donc aux s\u00e9niors de tout le territoire, mais reste ouverte \u00e0 toutes et tous dans un esprit interg\u00e9n\u00e9rationnel. <\/p>\n\n\n\n<p class=\"has-medium-font-size\">Venez d\u00e9couvrir toutes les activit\u00e9s propos\u00e9es par l&#8217;ensemble des partenaires (voir programme ci-contre). <\/p>\n\n\n\n<p class=\"has-medium-font-size\">Les activit\u00e9s sont gratuites (sauf repas, participation 8\u20ac) et sur inscription. Merci de contacter la ou les structures organisatrices de l&#8217;activit\u00e9 qui vous int\u00e9resse (coordonn\u00e9es sur le programme)<\/p>\n<\/div><\/div>\n","protected":false},"excerpt":{"rendered":"<p>La Journ\u00e9e Bleue 2025 Dans le cadre de la Semaine Bleue 2025, le Centre de Ressources Territorial des Baronnies et la Plateforme de R\u00e9pit Escapade (ORSAC), la MFR, le Lieu Associatif Citoyen, le Projet Clochette, le CCAS, le Club de l\u2019Amiti\u00e9 et le Centre Social AFB vous propose : La Journ\u00e9e Bleue \u00e0 Buis-les-Baronnies Le &hellip;<\/p>\n","protected":false},"author":9,"featured_media":6743,"comment_status":"closed","ping_status":"closed","sticky":false,"template":"","format":"standard","meta":{"footnotes":""},"categories":[2],"tags":[],"class_list":["post-6742","post","type-post","status-publish","format-standard","has-post-thumbnail","hentry","category-actus-afb"],"_links":{"self":[{"href":"https:\/\/afb26.org\/index.php?rest_route=\/wp\/v2\/posts\/6742","targetHints":{"allow":["GET"]}}],"collection":[{"href":"https:\/\/afb26.org\/index.php?rest_route=\/wp\/v2\/posts"}],"about":[{"href":"https:\/\/afb26.org\/index.php?rest_route=\/wp\/v2\/types\/post"}],"author":[{"embeddable":true,"href":"https:\/\/afb26.org\/index.php?rest_route=\/wp\/v2\/users\/9"}],"replies":[{"embeddable":true,"href":"https:\/\/afb26.org\/index.php?rest_route=%2Fwp%2Fv2%2Fcomments&post=6742"}],"version-history":[{"count":5,"href":"https:\/\/afb26.org\/index.php?rest_route=\/wp\/v2\/posts\/6742\/revisions"}],"predecessor-version":[{"id":6756,"href":"https:\/\/afb26.org\/index.php?rest_route=\/wp\/v2\/posts\/6742\/revisions\/6756"}],"wp:featuredmedia":[{"embeddable":true,"href":"https:\/\/afb26.org\/index.php?rest_route=\/wp\/v2\/media\/6743"}],"wp:attachment":[{"href":"https:\/\/afb26.org\/index.php?rest_route=%2Fwp%2Fv2%2Fmedia&parent=6742"}],"wp:term":[{"taxonomy":"category","embeddable":true,"href":"https:\/\/afb26.org\/index.php?rest_route=%2Fwp%2Fv2%2Fcategories&post=6742"},{"taxonomy":"post_tag","embeddable":true,"href":"https:\/\/afb26.org\/index.php?rest_route=%2Fwp%2Fv2%2Ftags&post=6742"}],"curies":[{"name":"wp","href":"https:\/\/api.w.org\/{rel}","templated":true}]}}