{"id":6769,"date":"2025-09-17T15:46:16","date_gmt":"2025-09-17T13:46:16","guid":{"rendered":"https:\/\/afb26.org\/?p=6769"},"modified":"2025-10-29T17:30:34","modified_gmt":"2025-10-29T16:30:34","slug":"initiation-au-massage-bebe","status":"publish","type":"post","link":"https:\/\/afb26.org\/?p=6769","title":{"rendered":"Initiation au massage b\u00e9b\u00e9"},"content":{"rendered":"\n<h2 class=\"wp-block-heading\">Un nouveau cycle pour s&#8217;initier au massage b\u00e9b\u00e9<\/h2>\n\n\n\n<div class=\"wp-block-media-text is-stacked-on-mobile\" style=\"grid-template-columns:42% auto\"><figure class=\"wp-block-media-text__media\"><img loading=\"lazy\" decoding=\"async\" width=\"819\" height=\"1024\" src=\"https:\/\/afb26.org\/wp-content\/uploads\/2025\/08\/Massages-BB-affiche-2025-T4-insta-819x1024.png\" alt=\"\" class=\"wp-image-6591 size-full\" srcset=\"https:\/\/afb26.org\/wp-content\/uploads\/2025\/08\/Massages-BB-affiche-2025-T4-insta-819x1024.png 819w, https:\/\/afb26.org\/wp-content\/uploads\/2025\/08\/Massages-BB-affiche-2025-T4-insta-240x300.png 240w, https:\/\/afb26.org\/wp-content\/uploads\/2025\/08\/Massages-BB-affiche-2025-T4-insta-768x960.png 768w, https:\/\/afb26.org\/wp-content\/uploads\/2025\/08\/Massages-BB-affiche-2025-T4-insta.png 1080w\" sizes=\"auto, (max-width: 819px) 100vw, 819px\" \/><\/figure><div class=\"wp-block-media-text__content\">\n<p class=\"has-medium-font-size\"><em>Il reste des places pour les ateliers du 12 et 14 novembre, les inscriptions sont encore ouvertes !<\/em><\/p>\n\n\n\n<p class=\"has-medium-font-size\">Le massage b\u00e9b\u00e9 permet de d\u00e9couvrir une nouvelle complicit\u00e9 avec son enfant. C&#8217;est un moment de partage, de d\u00e9tente et de tendresse : un merveilleux moyen de communication entre un parent et son enfant !<\/p>\n\n\n\n<p class=\"has-text-align-center has-medium-font-size\"><strong>Les bienfaits du massage b\u00e9b\u00e9 ?<\/strong><\/p>\n\n\n\n<blockquote class=\"wp-block-quote is-layout-flow wp-block-quote-is-layout-flow\">\n<p>peut faire d\u00e9couvrir, au b\u00e9b\u00e9 comme aux parents, un \u00e9tat de relaxation pr\u00e9cieux<\/p>\n\n\n\n<p>peut \u00eatre une grande source de stimulation des syst\u00e8mes circulatoires, digestif, respiratoire, musculaire&#8230; de soulagement des gaz, des coliques et de la constipation du b\u00e9b\u00e9<\/p>\n\n\n\n<p>favorise le lien d&#8217;attachement entre les parents et l&#8217;enfant<\/p>\n<\/blockquote>\n\n\n\n<p class=\"has-medium-font-size\">Pourquoi parle-t-on d&#8217;un &#8220;cycle&#8221; ? Car nous vous conseillons, autant que possible, de participer aux 2 s\u00e9ances propos\u00e9es : elles sont compl\u00e9mentaires et permettent d&#8217;explorer les diff\u00e9rentes parties du corps, les maux divers et vari\u00e9s de b\u00e9b\u00e9.<\/p>\n\n\n\n<p>Les ateliers sont dispens\u00e9es par Pascale ARNAUD, instructrice certifi\u00e9e<\/p>\n\n\n\n<p><strong>Ateliers gratuits, sur inscription aupr\u00e8s de l&#8217;accueil au 04.75.28.17.28<\/strong><\/p>\n<\/div><\/div>\n\n\n\n<p><em>\u00ab&nbsp;\u00catre parent dans les Baronnies&nbsp;\u00bb est un projet global de soutien \u00e0 la parentalit\u00e9 port\u00e9 par le centre social AFB, en partenariat avec la CAF, la MSA, l\u2019UDAF et la Mairie de Buis-les-Baronnies. Ce projet s\u2019adresse \u00e0 tous les parents du bassin de vie.<\/em> <em>Ses objectifs sont de contribuer \u00e0 l\u2019\u00e9panouissement des personnes dans leur r\u00f4le de parents ou grands-parents, valoriser les comp\u00e9tences parentales et leur diversit\u00e9, apporter un soutien aux familles isol\u00e9es, favoriser les temps d\u2019\u00e9changes entre les parents et sensibiliser \u00e0 la notion de r\u00e9pit parental<\/em>. <em>Il est pens\u00e9 \u00e0 partir des besoins exprim\u00e9s \u00e0 travers nos \u00e9changes avec les familles et les partenaires, n\u2019h\u00e9sitez donc pas \u00e0 venir nous faire part de vos id\u00e9es, difficult\u00e9s, envies\u2026 pour que nous y r\u00e9fl\u00e9chissions ensemble&nbsp;!<\/em><\/p>\n","protected":false},"excerpt":{"rendered":"<p>Un nouveau cycle pour s&#8217;initier au massage b\u00e9b\u00e9 \u00ab&nbsp;\u00catre parent dans les Baronnies&nbsp;\u00bb est un projet global de soutien \u00e0 la parentalit\u00e9 port\u00e9 par le centre social AFB, en partenariat avec la CAF, la MSA, l\u2019UDAF et la Mairie de Buis-les-Baronnies. Ce projet s\u2019adresse \u00e0 tous les parents du bassin de vie. Ses objectifs sont &hellip;<\/p>\n","protected":false},"author":9,"featured_media":6591,"comment_status":"closed","ping_status":"closed","sticky":false,"template":"","format":"standard","meta":{"footnotes":""},"categories":[2],"tags":[50,34,110,107,16],"class_list":["post-6769","post","type-post","status-publish","format-standard","has-post-thumbnail","hentry","category-actus-afb","tag-activites","tag-centre-social","tag-massage-bebe","tag-parentalite","tag-parents"],"_links":{"self":[{"href":"https:\/\/afb26.org\/index.php?rest_route=\/wp\/v2\/posts\/6769","targetHints":{"allow":["GET"]}}],"collection":[{"href":"https:\/\/afb26.org\/index.php?rest_route=\/wp\/v2\/posts"}],"about":[{"href":"https:\/\/afb26.org\/index.php?rest_route=\/wp\/v2\/types\/post"}],"author":[{"embeddable":true,"href":"https:\/\/afb26.org\/index.php?rest_route=\/wp\/v2\/users\/9"}],"replies":[{"embeddable":true,"href":"https:\/\/afb26.org\/index.php?rest_route=%2Fwp%2Fv2%2Fcomments&post=6769"}],"version-history":[{"count":7,"href":"https:\/\/afb26.org\/index.php?rest_route=\/wp\/v2\/posts\/6769\/revisions"}],"predecessor-version":[{"id":6950,"href":"https:\/\/afb26.org\/index.php?rest_route=\/wp\/v2\/posts\/6769\/revisions\/6950"}],"wp:featuredmedia":[{"embeddable":true,"href":"https:\/\/afb26.org\/index.php?rest_route=\/wp\/v2\/media\/6591"}],"wp:attachment":[{"href":"https:\/\/afb26.org\/index.php?rest_route=%2Fwp%2Fv2%2Fmedia&parent=6769"}],"wp:term":[{"taxonomy":"category","embeddable":true,"href":"https:\/\/afb26.org\/index.php?rest_route=%2Fwp%2Fv2%2Fcategories&post=6769"},{"taxonomy":"post_tag","embeddable":true,"href":"https:\/\/afb26.org\/index.php?rest_route=%2Fwp%2Fv2%2Ftags&post=6769"}],"curies":[{"name":"wp","href":"https:\/\/api.w.org\/{rel}","templated":true}]}}