{"id":6791,"date":"2025-09-22T17:14:49","date_gmt":"2025-09-22T15:14:49","guid":{"rendered":"https:\/\/afb26.org\/?p=6791"},"modified":"2025-09-22T17:14:49","modified_gmt":"2025-09-22T15:14:49","slug":"sequence-calme-et-serenite","status":"publish","type":"post","link":"https:\/\/afb26.org\/?p=6791","title":{"rendered":"S\u00e9quence &#8220;Calme et S\u00e9r\u00e9nit\u00e9&#8221;"},"content":{"rendered":"\n<h2 class=\"wp-block-heading\">Une s\u00e9quence pour plonger dans son silence int\u00e9rieur<\/h2>\n\n\n\n<div class=\"wp-block-media-text is-stacked-on-mobile\" style=\"grid-template-columns:47% auto\"><figure class=\"wp-block-media-text__media\"><img loading=\"lazy\" decoding=\"async\" width=\"819\" height=\"1024\" src=\"https:\/\/afb26.org\/wp-content\/uploads\/2025\/09\/Sequence-calme-et-serenite-format-insta-819x1024.png\" alt=\"\" class=\"wp-image-6794 size-full\" srcset=\"https:\/\/afb26.org\/wp-content\/uploads\/2025\/09\/Sequence-calme-et-serenite-format-insta-819x1024.png 819w, https:\/\/afb26.org\/wp-content\/uploads\/2025\/09\/Sequence-calme-et-serenite-format-insta-240x300.png 240w, https:\/\/afb26.org\/wp-content\/uploads\/2025\/09\/Sequence-calme-et-serenite-format-insta-768x960.png 768w, https:\/\/afb26.org\/wp-content\/uploads\/2025\/09\/Sequence-calme-et-serenite-format-insta.png 1080w\" sizes=\"auto, (max-width: 819px) 100vw, 819px\" \/><\/figure><div class=\"wp-block-media-text__content\">\n<p class=\"has-regular-font-size\">Apr\u00e8s une &#8220;s\u00e9quence \u00e9motions&#8221; en 2024, le centre social vous propose, cette ann\u00e9e, la s\u00e9quence &#8220;calme et s\u00e9r\u00e9nit\u00e9&#8221; !<\/p>\n\n\n\n<p class=\"has-regular-font-size\">Une &#8220;s\u00e9quence&#8221; au centre social, c&#8217;est quoi ? C&#8217;est un spectacle, suivi d&#8217;ateliers  qui permettent aux parents et leurs enfants d&#8217;explorer une th\u00e9matique sous diff\u00e9rents angles sur un temps court.<\/p>\n\n\n\n<p class=\"has-text-align-center has-medium-font-size\"><strong>JEUDI 23 OCTOBRE \u00e0 16h <\/strong><\/p>\n\n\n\n<p class=\"has-text-align-center has-medium-font-size\"><strong> K\u00e9to, ou la recherche du silence<\/strong><\/p>\n\n\n\n<p class=\"has-regular-font-size\">Une invitation \u00e0 plonger dans son silence int\u00e9rieur&#8230; K\u00e9to vit dans un village bruyant en bord de mer. Depuis qu&#8217;il est tout petit, K\u00e9to en a assez de tout ce bruit. Il r\u00eave d&#8217;aller dans le d\u00e9sert pour \u00e9couter le silence&#8230; Un voyage po\u00e9tique et envo\u00fbtant port\u00e9 par les voix des com\u00e9diens et la magie de leur instrumentarium.<\/p>\n\n\n\n<p class=\"has-regular-font-size\"><em>Spectacle musical ouvert \u00e0 toutes et tous, sur r\u00e9servation<\/em><\/p>\n\n\n\n<p class=\"has-regular-font-size\"><em>Dur\u00e9e : 40 min<\/em>, <em>suivi d&#8217;un go\u00fbter offert par l&#8217;AFB<\/em><\/p>\n\n\n\n<p class=\"has-text-align-center has-medium-font-size\"><strong>VENDREDI 24 OCTOBRE \u00e0 10h ou \u00e0 14h<\/strong>                          <\/p>\n\n\n\n<p class=\"has-text-align-center has-medium-font-size\"><strong>Ateliers parents-enfants d&#8217;initiation \u00e0 l&#8217;\u00e9coute et \u00e0 la m\u00e9ditation<\/strong><\/p>\n\n\n\n<p class=\"has-regular-font-size\">Au travers de petits jeux et exercices de pr\u00e9sence au corps, au souffle, et d&#8217;ouverture sensorielle, R\u00e9mi BANCILLON (association Mitakpa) vous am\u00e8ne \u00e0 d\u00e9couvrir l&#8217;\u00e9coute, de soi et des autres, et ainsi (re)trouver sa paix int\u00e9rieure. Une exp\u00e9rience parents-enfants \u00e0 vivre ensemble pour trouver ses outils de retour au calme et \u00e0 la s\u00e9r\u00e9nit\u00e9.<\/p>\n\n\n\n<p class=\"has-regular-font-size\" style=\"padding-top:0px;padding-bottom:0px\"><em>Ateliers de 1h15, gratuits, sur inscription (places limit\u00e9es)<\/em><\/p>\n<\/div><\/div>\n\n\n\n<p><em>\u00ab\u00a0\u00catre parent dans les Baronnies\u00a0\u00bb est un projet global de soutien \u00e0 la parentalit\u00e9 port\u00e9 par le centre social AFB, en partenariat avec la CAF, la MSA, l\u2019UDAF et la Mairie de Buis-les-Baronnies. Ce projet s\u2019adresse \u00e0 tous les parents du bassin de vie.<\/em> <em>Ses objectifs sont de contribuer \u00e0 l\u2019\u00e9panouissement des personnes dans leur r\u00f4le de parents ou grands-parents, valoriser les comp\u00e9tences parentales et leur diversit\u00e9, apporter un soutien aux familles isol\u00e9es, favoriser les temps d\u2019\u00e9changes entre les parents et sensibiliser \u00e0 la notion de r\u00e9pit parental<\/em>. <em>Il est pens\u00e9 \u00e0 partir des besoins exprim\u00e9s \u00e0 travers nos \u00e9changes avec les familles et les partenaires, n\u2019h\u00e9sitez donc pas \u00e0 venir nous faire part de vos id\u00e9es, difficult\u00e9s, envies\u2026 pour que nous y r\u00e9fl\u00e9chissions ensemble\u00a0!<\/em><\/p>\n\n\n\n<p><\/p>\n","protected":false},"excerpt":{"rendered":"<p>Une s\u00e9quence pour plonger dans son silence int\u00e9rieur Apr\u00e8s une &#8220;s\u00e9quence \u00e9motions&#8221; en 2024, le centre social vous propose, cette ann\u00e9e, la s\u00e9quence &#8220;calme et s\u00e9r\u00e9nit\u00e9&#8221; ! Une &#8220;s\u00e9quence&#8221; au centre social, c&#8217;est quoi ? C&#8217;est un spectacle, suivi d&#8217;ateliers qui permettent aux parents et leurs enfants d&#8217;explorer une th\u00e9matique sous diff\u00e9rents angles sur un &hellip;<\/p>\n","protected":false},"author":9,"featured_media":6794,"comment_status":"closed","ping_status":"closed","sticky":false,"template":"","format":"standard","meta":{"footnotes":""},"categories":[2],"tags":[50,36,34,48,87,16,82],"class_list":["post-6791","post","type-post","status-publish","format-standard","has-post-thumbnail","hentry","category-actus-afb","tag-activites","tag-baronnies","tag-centre-social","tag-enfants","tag-grand-parent","tag-parents","tag-spectacle"],"_links":{"self":[{"href":"https:\/\/afb26.org\/index.php?rest_route=\/wp\/v2\/posts\/6791","targetHints":{"allow":["GET"]}}],"collection":[{"href":"https:\/\/afb26.org\/index.php?rest_route=\/wp\/v2\/posts"}],"about":[{"href":"https:\/\/afb26.org\/index.php?rest_route=\/wp\/v2\/types\/post"}],"author":[{"embeddable":true,"href":"https:\/\/afb26.org\/index.php?rest_route=\/wp\/v2\/users\/9"}],"replies":[{"embeddable":true,"href":"https:\/\/afb26.org\/index.php?rest_route=%2Fwp%2Fv2%2Fcomments&post=6791"}],"version-history":[{"count":10,"href":"https:\/\/afb26.org\/index.php?rest_route=\/wp\/v2\/posts\/6791\/revisions"}],"predecessor-version":[{"id":6805,"href":"https:\/\/afb26.org\/index.php?rest_route=\/wp\/v2\/posts\/6791\/revisions\/6805"}],"wp:featuredmedia":[{"embeddable":true,"href":"https:\/\/afb26.org\/index.php?rest_route=\/wp\/v2\/media\/6794"}],"wp:attachment":[{"href":"https:\/\/afb26.org\/index.php?rest_route=%2Fwp%2Fv2%2Fmedia&parent=6791"}],"wp:term":[{"taxonomy":"category","embeddable":true,"href":"https:\/\/afb26.org\/index.php?rest_route=%2Fwp%2Fv2%2Fcategories&post=6791"},{"taxonomy":"post_tag","embeddable":true,"href":"https:\/\/afb26.org\/index.php?rest_route=%2Fwp%2Fv2%2Ftags&post=6791"}],"curies":[{"name":"wp","href":"https:\/\/api.w.org\/{rel}","templated":true}]}}