{"id":6835,"date":"2025-10-01T12:27:35","date_gmt":"2025-10-01T10:27:35","guid":{"rendered":"https:\/\/afb26.org\/?p=6835"},"modified":"2025-10-01T12:27:36","modified_gmt":"2025-10-01T10:27:36","slug":"devenez-benevole-au-centre-social","status":"publish","type":"post","link":"https:\/\/afb26.org\/?p=6835","title":{"rendered":"Devenez b\u00e9n\u00e9vole au centre social !"},"content":{"rendered":"\n<h2 class=\"wp-block-heading\">Devenez b\u00e9n\u00e9vole au centre social !<\/h2>\n\n\n\n<div class=\"wp-block-media-text is-stacked-on-mobile\" style=\"grid-template-columns:40% auto\"><figure class=\"wp-block-media-text__media\"><img loading=\"lazy\" decoding=\"async\" width=\"819\" height=\"1024\" src=\"https:\/\/afb26.org\/wp-content\/uploads\/2025\/10\/Devenez-benevole-en-centre-social--819x1024.png\" alt=\"\" class=\"wp-image-6836 size-full\" srcset=\"https:\/\/afb26.org\/wp-content\/uploads\/2025\/10\/Devenez-benevole-en-centre-social--819x1024.png 819w, https:\/\/afb26.org\/wp-content\/uploads\/2025\/10\/Devenez-benevole-en-centre-social--240x300.png 240w, https:\/\/afb26.org\/wp-content\/uploads\/2025\/10\/Devenez-benevole-en-centre-social--768x960.png 768w, https:\/\/afb26.org\/wp-content\/uploads\/2025\/10\/Devenez-benevole-en-centre-social-.png 1080w\" sizes=\"auto, (max-width: 819px) 100vw, 819px\" \/><\/figure><div class=\"wp-block-media-text__content\">\n<p>Que ce soit pour maintenir une activit\u00e9 r\u00e9guli\u00e8re, rencontrer de nouvelles personnes, avoir envie d&#8217;aider, s&#8217;investir dans des projets qui ont du sens pour vous, s&#8217;engager dans des actions de solidarit\u00e9&#8230; <strong>Il y a toujours une bonne raison d&#8217;\u00eatre b\u00e9n\u00e9vole !<\/strong><\/p>\n\n\n\n<p>Au centre social, ce qui prime c\u2019est l\u2019accueil de toutes et de tous : enfants, jeunes, adultes, s\u00e9niors et familles, associations, collectivit\u00e9s\u2026<br><br>Mais ce qui fait la force du centre social c\u2019est <strong>l\u2019engagement des habitant.e.s du territoire<\/strong> ! Le centre social offre plusieurs possibilit\u00e9s d\u2019engagements : vous pouvez cr\u00e9er ou participer \u00e0 des projets, grands ou petits, et inventer des r\u00e9ponses pour cr\u00e9er du lien, pour animer des activit\u00e9s, pour participer \u00e0 des temps de r\u00e9flexion, devenir administrateur\u2026 <strong>Le centre social c\u2019est vous !!<\/strong><\/p>\n\n\n\n<p>Tenir la buvette lors d&#8217;\u00e9v\u00e8nements ponctuels, accompagner un groupe d\u2019enfants \u00e0 une sortie, animer un atelier m\u00e9moire, trier les v\u00eatements donn\u00e9s \u00e0 la Gratif\u00e9ria, &#8230; <strong>Que vous soyez disponibles toute l&#8217;ann\u00e9e, ou seulement ponctuellement, il y a toujours une mission qui peut vous correspondre, et, si elle n&#8217;existe pas encore, nous pouvons la cr\u00e9er ensemble ! <\/strong><\/p>\n\n\n\n<p><strong>Focus sur les activit\u00e9s r\u00e9guli\u00e8res o\u00f9 un soutien b\u00e9n\u00e9vole est bienvenu :<\/strong><\/p>\n\n\n\n<ul class=\"wp-block-list\">\n<li>Accompagnement \u00e0 la scolarit\u00e9 (plus d&#8217;infos <a href=\"https:\/\/afb26.org\/?page_id=4381\">en cliquant ici<\/a>)<\/li>\n\n\n\n<li>Apprentissage du fran\u00e7ais aux personnes \u00e9trang\u00e8res (plus d&#8217;infos <a href=\"https:\/\/afb26.org\/?page_id=131\">en cliquant ici<\/a>)<\/li>\n\n\n\n<li>Mobilit\u00e9 solidaire (plus d&#8217;infos <a href=\"https:\/\/afb26.org\/?page_id=2171\">en cliquant ici<\/a>)<\/li>\n\n\n\n<li>Gratif\u00e9rias, \u00e9conomie circulaire, solidarit\u00e9s &#8230; (plus d&#8217;infos <a href=\"https:\/\/afb26.org\/?page_id=5662\">en cliquant ici<\/a>)<\/li>\n<\/ul>\n\n\n\n<p>Et pour toutes vos questions, vos r\u00e9flexions, vos id\u00e9es, vos projets&#8230; <strong>venez nous rencontrer au centre social, c&#8217;est encore le mieux ! <\/strong><\/p>\n<\/div><\/div>\n","protected":false},"excerpt":{"rendered":"<p>Devenez b\u00e9n\u00e9vole au centre social !<\/p>\n","protected":false},"author":9,"featured_media":6836,"comment_status":"closed","ping_status":"closed","sticky":false,"template":"","format":"standard","meta":{"footnotes":""},"categories":[2],"tags":[43,36,116,115,91,34,35],"class_list":["post-6835","post","type-post","status-publish","format-standard","has-post-thumbnail","hentry","category-actus-afb","tag-association","tag-baronnies","tag-benevolat","tag-benevole","tag-buis-les-baronnies","tag-centre-social","tag-habitants"],"_links":{"self":[{"href":"https:\/\/afb26.org\/index.php?rest_route=\/wp\/v2\/posts\/6835","targetHints":{"allow":["GET"]}}],"collection":[{"href":"https:\/\/afb26.org\/index.php?rest_route=\/wp\/v2\/posts"}],"about":[{"href":"https:\/\/afb26.org\/index.php?rest_route=\/wp\/v2\/types\/post"}],"author":[{"embeddable":true,"href":"https:\/\/afb26.org\/index.php?rest_route=\/wp\/v2\/users\/9"}],"replies":[{"embeddable":true,"href":"https:\/\/afb26.org\/index.php?rest_route=%2Fwp%2Fv2%2Fcomments&post=6835"}],"version-history":[{"count":3,"href":"https:\/\/afb26.org\/index.php?rest_route=\/wp\/v2\/posts\/6835\/revisions"}],"predecessor-version":[{"id":6840,"href":"https:\/\/afb26.org\/index.php?rest_route=\/wp\/v2\/posts\/6835\/revisions\/6840"}],"wp:featuredmedia":[{"embeddable":true,"href":"https:\/\/afb26.org\/index.php?rest_route=\/wp\/v2\/media\/6836"}],"wp:attachment":[{"href":"https:\/\/afb26.org\/index.php?rest_route=%2Fwp%2Fv2%2Fmedia&parent=6835"}],"wp:term":[{"taxonomy":"category","embeddable":true,"href":"https:\/\/afb26.org\/index.php?rest_route=%2Fwp%2Fv2%2Fcategories&post=6835"},{"taxonomy":"post_tag","embeddable":true,"href":"https:\/\/afb26.org\/index.php?rest_route=%2Fwp%2Fv2%2Ftags&post=6835"}],"curies":[{"name":"wp","href":"https:\/\/api.w.org\/{rel}","templated":true}]}}