{"id":6893,"date":"2025-10-24T12:01:41","date_gmt":"2025-10-24T10:01:41","guid":{"rendered":"https:\/\/afb26.org\/?p=6893"},"modified":"2025-10-24T12:01:42","modified_gmt":"2025-10-24T10:01:42","slug":"initiation-aux-signes-bebe","status":"publish","type":"post","link":"https:\/\/afb26.org\/?p=6893","title":{"rendered":"Initiation aux signes b\u00e9b\u00e9"},"content":{"rendered":"\n<p>Initiation aux signes b\u00e9b\u00e9 pour les parents et les professionnel.les de la petite enfance<\/p>\n\n\n\n<div class=\"wp-block-media-text is-stacked-on-mobile\" style=\"grid-template-columns:41% auto\"><figure class=\"wp-block-media-text__media\"><img loading=\"lazy\" decoding=\"async\" width=\"819\" height=\"1024\" src=\"https:\/\/afb26.org\/wp-content\/uploads\/2025\/10\/Affiche-signes-BB-2025-T4-insta-819x1024.png\" alt=\"\" class=\"wp-image-6894 size-full\" srcset=\"https:\/\/afb26.org\/wp-content\/uploads\/2025\/10\/Affiche-signes-BB-2025-T4-insta-819x1024.png 819w, https:\/\/afb26.org\/wp-content\/uploads\/2025\/10\/Affiche-signes-BB-2025-T4-insta-240x300.png 240w, https:\/\/afb26.org\/wp-content\/uploads\/2025\/10\/Affiche-signes-BB-2025-T4-insta-768x960.png 768w, https:\/\/afb26.org\/wp-content\/uploads\/2025\/10\/Affiche-signes-BB-2025-T4-insta.png 1080w\" sizes=\"auto, (max-width: 819px) 100vw, 819px\" \/><\/figure><div class=\"wp-block-media-text__content\">\n<p class=\"has-medium-font-size\">La Communication Gestuelle Associ\u00e9e \u00e0 la Parole est un moyen de communication simple et ludique, qui profite autant \u00e0 l\u2019enfant qu\u2019\u00e0 son entourage.\u00a0Il ne s\u2019agit pas de venir signer chaque mot de la phrase mais associer des mots cl\u00e9s au signe qui leur correspond.\u00a0<\/p>\n\n\n\n<p class=\"has-medium-font-size\">Pour ce temps, les signes utilis\u00e9s sont les signes qui existent dans la Langues des Signes Fran\u00e7aise.<\/p>\n\n\n\n<h2 class=\"wp-block-heading\">Les bienfaits sont nombreux<\/h2>\n\n\n\n<blockquote class=\"wp-block-quote is-layout-flow wp-block-quote-is-layout-flow\">\n<p>Permet de pouvoir \u00e9changer, communiquer, avec son b\u00e9b\u00e9 avant qu\u2019il n\u2019ait acc\u00e8s au langage oral.\u00a0<\/p>\n<\/blockquote>\n\n\n\n<blockquote class=\"wp-block-quote is-layout-flow wp-block-quote-is-layout-flow\">\n<p>Diminue la frustration chez l\u2019enfant (et chez l\u2019adulte !).<\/p>\n<\/blockquote>\n\n\n\n<blockquote class=\"wp-block-quote is-layout-flow wp-block-quote-is-layout-flow\">\n<p>Favorise la confiance en soi (du b\u00e9b\u00e9 qui pourra se faire comprendre et de l\u2019adulte qui pourra r\u00e9pondre aux besoin de son enfant).<\/p>\n<\/blockquote>\n\n\n\n<blockquote class=\"wp-block-quote is-layout-flow wp-block-quote-is-layout-flow\">\n<p>Tisser un lien privil\u00e9gi\u00e9 (entre les parents et leur enfant mais \u00e9galement au sein de la fratrie).\u00a0<\/p>\n<\/blockquote>\n\n\n\n<blockquote class=\"wp-block-quote is-layout-flow wp-block-quote-is-layout-flow\">\n<p>C\u2019est une passerelle vers l\u2019acquisition du langage qui donnera le go\u00fbt de la communication \u00e0 l\u2019enfant.<\/p>\n<\/blockquote>\n\n\n\n<p class=\"has-medium-font-size\">Ce temps est ouvert aux parents, futurs parents et \u00e9galement aux professionnel.les de la petite enfance, dans le but d&#8217;harmoniser les pratiques autour de b\u00e9b\u00e9.<\/p>\n\n\n\n<p>Anim\u00e9 par Louisane WALCKER (O Creux de mon Arbre), accompagnante en p\u00e9rinatalit\u00e9 et parentalit\u00e9<\/p>\n\n\n\n<p><em>Inscriptions aupr\u00e8s de l&#8217;accueil du centre social au 04.75.28.17.28<\/em><\/p>\n<\/div><\/div>\n","protected":false},"excerpt":{"rendered":"<p>Initiation aux signes b\u00e9b\u00e9 pour les parents et les professionnel.les de la petite enfance<\/p>\n","protected":false},"author":9,"featured_media":6894,"comment_status":"closed","ping_status":"closed","sticky":false,"template":"","format":"standard","meta":{"footnotes":""},"categories":[2],"tags":[36,122,34,123,121,107,119,120],"class_list":["post-6893","post","type-post","status-publish","format-standard","has-post-thumbnail","hentry","category-actus-afb","tag-baronnies","tag-bebe","tag-centre-social","tag-communication-gestuelle","tag-initiation","tag-parentalite","tag-petite-enfance","tag-signes-bb"],"_links":{"self":[{"href":"https:\/\/afb26.org\/index.php?rest_route=\/wp\/v2\/posts\/6893","targetHints":{"allow":["GET"]}}],"collection":[{"href":"https:\/\/afb26.org\/index.php?rest_route=\/wp\/v2\/posts"}],"about":[{"href":"https:\/\/afb26.org\/index.php?rest_route=\/wp\/v2\/types\/post"}],"author":[{"embeddable":true,"href":"https:\/\/afb26.org\/index.php?rest_route=\/wp\/v2\/users\/9"}],"replies":[{"embeddable":true,"href":"https:\/\/afb26.org\/index.php?rest_route=%2Fwp%2Fv2%2Fcomments&post=6893"}],"version-history":[{"count":3,"href":"https:\/\/afb26.org\/index.php?rest_route=\/wp\/v2\/posts\/6893\/revisions"}],"predecessor-version":[{"id":6897,"href":"https:\/\/afb26.org\/index.php?rest_route=\/wp\/v2\/posts\/6893\/revisions\/6897"}],"wp:featuredmedia":[{"embeddable":true,"href":"https:\/\/afb26.org\/index.php?rest_route=\/wp\/v2\/media\/6894"}],"wp:attachment":[{"href":"https:\/\/afb26.org\/index.php?rest_route=%2Fwp%2Fv2%2Fmedia&parent=6893"}],"wp:term":[{"taxonomy":"category","embeddable":true,"href":"https:\/\/afb26.org\/index.php?rest_route=%2Fwp%2Fv2%2Fcategories&post=6893"},{"taxonomy":"post_tag","embeddable":true,"href":"https:\/\/afb26.org\/index.php?rest_route=%2Fwp%2Fv2%2Ftags&post=6893"}],"curies":[{"name":"wp","href":"https:\/\/api.w.org\/{rel}","templated":true}]}}