{"id":6900,"date":"2025-12-15T14:15:41","date_gmt":"2025-12-15T13:15:41","guid":{"rendered":"https:\/\/afb26.org\/?p=6900"},"modified":"2025-12-15T14:15:42","modified_gmt":"2025-12-15T13:15:42","slug":"grand-parentalite-le-groupe-de-parole","status":"publish","type":"post","link":"https:\/\/afb26.org\/?p=6900","title":{"rendered":"Grand-parentalit\u00e9 : le groupe de parole"},"content":{"rendered":"\n<p class=\"has-medium-font-size\">Un RDV mensuel pour les grands-parents<\/p>\n\n\n\n<div class=\"wp-block-media-text is-stacked-on-mobile\" style=\"grid-template-columns:36% auto\"><figure class=\"wp-block-media-text__media\"><img loading=\"lazy\" decoding=\"async\" width=\"819\" height=\"1024\" src=\"https:\/\/afb26.org\/wp-content\/uploads\/2025\/10\/Grd-Parentalite-grp-de-parole-Instagram-45-819x1024.png\" alt=\"\" class=\"wp-image-7087 size-full\" srcset=\"https:\/\/afb26.org\/wp-content\/uploads\/2025\/10\/Grd-Parentalite-grp-de-parole-Instagram-45-819x1024.png 819w, https:\/\/afb26.org\/wp-content\/uploads\/2025\/10\/Grd-Parentalite-grp-de-parole-Instagram-45-240x300.png 240w, https:\/\/afb26.org\/wp-content\/uploads\/2025\/10\/Grd-Parentalite-grp-de-parole-Instagram-45-768x960.png 768w, https:\/\/afb26.org\/wp-content\/uploads\/2025\/10\/Grd-Parentalite-grp-de-parole-Instagram-45.png 1080w\" sizes=\"auto, (max-width: 819px) 100vw, 819px\" \/><\/figure><div class=\"wp-block-media-text__content\">\n<p class=\"has-medium-font-size\">\u00catre grand-parent aujourd\u2019hui : quelle place, quel r\u00f4le, quelle importance, quelle difficult\u00e9 ? Comment exercer avec joie et justesse sa grand-parentalit\u00e9 ?<\/p>\n\n\n\n<p class=\"has-medium-font-size\">Tous les mois, prenez part au groupe de parole pour \u00e9changer sur des sujets divers et vari\u00e9s autour de la grand-parentalit\u00e9, en toute confidentialit\u00e9.<\/p>\n\n\n\n<p class=\"has-medium-font-size\"><em>Encadr\u00e9 par B\u00e9atrice TRAMOND GONNET, psychologue clinicienne<\/em><\/p>\n\n\n\n<p><em>Sur inscription en contactant le centre social au 04.75.28.17.28<\/em><\/p>\n\n\n\n<p><em>Les vendredis de 10h \u00e0 12h \u00e0 l&#8217;AFB<\/em><\/p>\n\n\n\n<p><em>En 2026 : <\/em><\/p>\n\n\n\n<ul class=\"wp-block-list\">\n<li><em>23 janvier<\/em><\/li>\n\n\n\n<li><em>27 f\u00e9vrier<\/em><\/li>\n\n\n\n<li><em>27 mars<\/em><\/li>\n\n\n\n<li><em>24 avril<\/em><\/li>\n\n\n\n<li><em>22 mai<\/em><\/li>\n\n\n\n<li><em>19 juin<\/em><\/li>\n<\/ul>\n<\/div><\/div>\n","protected":false},"excerpt":{"rendered":"<p>Un RDV mensuel pour les grands-parents<\/p>\n","protected":false},"author":9,"featured_media":7087,"comment_status":"closed","ping_status":"closed","sticky":false,"template":"","format":"standard","meta":{"footnotes":""},"categories":[2],"tags":[43,36,34,87,112,124,35],"class_list":["post-6900","post","type-post","status-publish","format-standard","has-post-thumbnail","hentry","category-actus-afb","tag-association","tag-baronnies","tag-centre-social","tag-grand-parent","tag-grand-parentalite","tag-groupe-de-parole","tag-habitants"],"_links":{"self":[{"href":"https:\/\/afb26.org\/index.php?rest_route=\/wp\/v2\/posts\/6900","targetHints":{"allow":["GET"]}}],"collection":[{"href":"https:\/\/afb26.org\/index.php?rest_route=\/wp\/v2\/posts"}],"about":[{"href":"https:\/\/afb26.org\/index.php?rest_route=\/wp\/v2\/types\/post"}],"author":[{"embeddable":true,"href":"https:\/\/afb26.org\/index.php?rest_route=\/wp\/v2\/users\/9"}],"replies":[{"embeddable":true,"href":"https:\/\/afb26.org\/index.php?rest_route=%2Fwp%2Fv2%2Fcomments&post=6900"}],"version-history":[{"count":5,"href":"https:\/\/afb26.org\/index.php?rest_route=\/wp\/v2\/posts\/6900\/revisions"}],"predecessor-version":[{"id":7089,"href":"https:\/\/afb26.org\/index.php?rest_route=\/wp\/v2\/posts\/6900\/revisions\/7089"}],"wp:featuredmedia":[{"embeddable":true,"href":"https:\/\/afb26.org\/index.php?rest_route=\/wp\/v2\/media\/7087"}],"wp:attachment":[{"href":"https:\/\/afb26.org\/index.php?rest_route=%2Fwp%2Fv2%2Fmedia&parent=6900"}],"wp:term":[{"taxonomy":"category","embeddable":true,"href":"https:\/\/afb26.org\/index.php?rest_route=%2Fwp%2Fv2%2Fcategories&post=6900"},{"taxonomy":"post_tag","embeddable":true,"href":"https:\/\/afb26.org\/index.php?rest_route=%2Fwp%2Fv2%2Ftags&post=6900"}],"curies":[{"name":"wp","href":"https:\/\/api.w.org\/{rel}","templated":true}]}}