{"id":6951,"date":"2025-10-30T15:26:07","date_gmt":"2025-10-30T14:26:07","guid":{"rendered":"https:\/\/afb26.org\/?p=6951"},"modified":"2025-12-16T12:36:28","modified_gmt":"2025-12-16T11:36:28","slug":"atelier-dauto-reparation-velo","status":"publish","type":"post","link":"https:\/\/afb26.org\/?p=6951","title":{"rendered":"Atelier d&#8217;auto r\u00e9paration v\u00e9lo"},"content":{"rendered":"\n<h2 class=\"wp-block-heading\">Un atelier d&#8217;auto r\u00e9paration v\u00e9lo \u00e0 buis les baronnies !<\/h2>\n\n\n\n<div class=\"wp-block-media-text is-stacked-on-mobile\" style=\"grid-template-columns:30% auto\"><figure class=\"wp-block-media-text__media\"><img loading=\"lazy\" decoding=\"async\" width=\"724\" height=\"1024\" src=\"https:\/\/afb26.org\/wp-content\/uploads\/2025\/10\/Atelier-Reparation-Velo-A4-724x1024.png\" alt=\"\" class=\"wp-image-6952 size-full\" srcset=\"https:\/\/afb26.org\/wp-content\/uploads\/2025\/10\/Atelier-Reparation-Velo-A4-724x1024.png 724w, https:\/\/afb26.org\/wp-content\/uploads\/2025\/10\/Atelier-Reparation-Velo-A4-212x300.png 212w, https:\/\/afb26.org\/wp-content\/uploads\/2025\/10\/Atelier-Reparation-Velo-A4-768x1086.png 768w, https:\/\/afb26.org\/wp-content\/uploads\/2025\/10\/Atelier-Reparation-Velo-A4-1086x1536.png 1086w, https:\/\/afb26.org\/wp-content\/uploads\/2025\/10\/Atelier-Reparation-Velo-A4.png 1414w\" sizes=\"auto, (max-width: 724px) 100vw, 724px\" \/><\/figure><div class=\"wp-block-media-text__content\">\n<p class=\"has-medium-font-size\">Apr\u00e8s la 1\/2 journ\u00e9e Toustes \u00e0 v\u00e9lo au mois de mai, o\u00f9 nous vous avons vu nombreux \u00e0 venir vous essayer \u00e0 l&#8217;auto-r\u00e9paration de v\u00e9lo, on remet \u00e7a !!<\/p>\n\n\n\n<p class=\"has-medium-font-size\">\u00c7a se passera <strong>samedi 29 novembre 2025<\/strong>, de <strong>10h \u00e0 13h<\/strong> sur la <strong>place quinconces<\/strong> de Buis les Baronnies, en m\u00eame temps que le repair caf\u00e9. <\/p>\n\n\n\n<p class=\"has-medium-font-size\">Ce temps sera anim\u00e9 par Dromolib qui vous accompagnera et fournira le petit mat\u00e9riel et les outils n\u00e9cessaires. <\/p>\n\n\n\n<p class=\"has-medium-font-size\">N&#8217;h\u00e9sitez pas \u00e0 venir que vous ayez un v\u00e9lo \u00e0 bidouiller ou juste pour observer, poser des questions. <\/p>\n\n\n\n<p class=\"has-medium-font-size\"><\/p>\n<\/div><\/div>\n","protected":false},"excerpt":{"rendered":"<p>Un atelier d&#8217;auto r\u00e9paration v\u00e9lo \u00e0 buis les baronnies ! Apr\u00e8s la 1\/2 journ\u00e9e Toustes \u00e0 v\u00e9lo au mois de mai, o\u00f9 nous vous avons vu nombreux \u00e0 venir vous essayer \u00e0 l&#8217;auto-r\u00e9paration de v\u00e9lo, on remet \u00e7a !! \u00c7a se passera samedi 29 novembre 2025, de 10h \u00e0 13h sur la place quinconces de &hellip;<\/p>\n","protected":false},"author":8,"featured_media":6952,"comment_status":"closed","ping_status":"closed","sticky":false,"template":"","format":"standard","meta":{"footnotes":""},"categories":[25],"tags":[18,129,130,34,38,35,42,62],"class_list":["post-6951","post","type-post","status-publish","format-standard","has-post-thumbnail","hentry","category-archives-actualites-afb","tag-atelier","tag-auto-reparation","tag-buis-les-baronnies-2","tag-centre-social","tag-gratuit","tag-habitants","tag-sport","tag-velo"],"_links":{"self":[{"href":"https:\/\/afb26.org\/index.php?rest_route=\/wp\/v2\/posts\/6951","targetHints":{"allow":["GET"]}}],"collection":[{"href":"https:\/\/afb26.org\/index.php?rest_route=\/wp\/v2\/posts"}],"about":[{"href":"https:\/\/afb26.org\/index.php?rest_route=\/wp\/v2\/types\/post"}],"author":[{"embeddable":true,"href":"https:\/\/afb26.org\/index.php?rest_route=\/wp\/v2\/users\/8"}],"replies":[{"embeddable":true,"href":"https:\/\/afb26.org\/index.php?rest_route=%2Fwp%2Fv2%2Fcomments&post=6951"}],"version-history":[{"count":2,"href":"https:\/\/afb26.org\/index.php?rest_route=\/wp\/v2\/posts\/6951\/revisions"}],"predecessor-version":[{"id":6955,"href":"https:\/\/afb26.org\/index.php?rest_route=\/wp\/v2\/posts\/6951\/revisions\/6955"}],"wp:featuredmedia":[{"embeddable":true,"href":"https:\/\/afb26.org\/index.php?rest_route=\/wp\/v2\/media\/6952"}],"wp:attachment":[{"href":"https:\/\/afb26.org\/index.php?rest_route=%2Fwp%2Fv2%2Fmedia&parent=6951"}],"wp:term":[{"taxonomy":"category","embeddable":true,"href":"https:\/\/afb26.org\/index.php?rest_route=%2Fwp%2Fv2%2Fcategories&post=6951"},{"taxonomy":"post_tag","embeddable":true,"href":"https:\/\/afb26.org\/index.php?rest_route=%2Fwp%2Fv2%2Ftags&post=6951"}],"curies":[{"name":"wp","href":"https:\/\/api.w.org\/{rel}","templated":true}]}}