{"id":7004,"date":"2025-11-25T16:24:38","date_gmt":"2025-11-25T15:24:38","guid":{"rendered":"https:\/\/afb26.org\/?p=7004"},"modified":"2025-12-16T12:39:28","modified_gmt":"2025-12-16T11:39:28","slug":"presentation-du-projet-social-2026-2030","status":"publish","type":"post","link":"https:\/\/afb26.org\/?p=7004","title":{"rendered":"Pr\u00e9sentation du Projet Social 2026-2030"},"content":{"rendered":"\n<h2 class=\"wp-block-heading\">Pr\u00e9sentation du Projet Social : Vendredi 5 d\u00e9cembre 2025<\/h2>\n\n\n\n<div class=\"wp-block-media-text is-stacked-on-mobile\" style=\"grid-template-columns:30% auto\"><figure class=\"wp-block-media-text__media\"><img loading=\"lazy\" decoding=\"async\" width=\"724\" height=\"1024\" src=\"https:\/\/afb26.org\/wp-content\/uploads\/2025\/11\/Affiche-Evenement-Assemblee-Generale-Illustree-Coloree-Vert-Rouge-724x1024.png\" alt=\"\" class=\"wp-image-7005 size-full\" srcset=\"https:\/\/afb26.org\/wp-content\/uploads\/2025\/11\/Affiche-Evenement-Assemblee-Generale-Illustree-Coloree-Vert-Rouge-724x1024.png 724w, https:\/\/afb26.org\/wp-content\/uploads\/2025\/11\/Affiche-Evenement-Assemblee-Generale-Illustree-Coloree-Vert-Rouge-212x300.png 212w, https:\/\/afb26.org\/wp-content\/uploads\/2025\/11\/Affiche-Evenement-Assemblee-Generale-Illustree-Coloree-Vert-Rouge-768x1086.png 768w, https:\/\/afb26.org\/wp-content\/uploads\/2025\/11\/Affiche-Evenement-Assemblee-Generale-Illustree-Coloree-Vert-Rouge-1086x1536.png 1086w, https:\/\/afb26.org\/wp-content\/uploads\/2025\/11\/Affiche-Evenement-Assemblee-Generale-Illustree-Coloree-Vert-Rouge.png 1414w\" sizes=\"auto, (max-width: 724px) 100vw, 724px\" \/><\/figure><div class=\"wp-block-media-text__content\">\n<p class=\"has-medium-font-size\">Nous avons le plaisir de vous inviter \u00e0 participer au comit\u00e9 de pr\u00e9-validation du nouveau projet social du Centre Social AFB pour 2026-2030, <\/p>\n\n\n\n<p class=\"has-text-align-center has-medium-font-size\"><strong>qui aura lieu le vendredi 05 d\u00e9cembre \u00e0 partirde 18h<\/strong><\/p>\n\n\n\n<p class=\"has-medium-font-size\">\u00e0 la maison de l\u2019Enfance, place du Portalet, \u00e0 Buis les Baronnies (en face de la poste).<\/p>\n\n\n\n<p class=\"has-medium-font-size\">L\u2019agr\u00e9ment Centre Social attribu\u00e9 par la CAF en 2021 doit \u00eatre renouvel\u00e9 tous les 4 ans. Pour cela les membres salari\u00e9.e.s et b\u00e9n\u00e9voles de l\u2019association AFB ont r\u00e9alis\u00e9 un important travail de mise \u00e0 jour du diagnostic, de r\u00e9flexion autour des objectifs et de r\u00e9\u00e9criture des actions de notre projet en faveur des habitants.<\/p>\n\n\n\n<p class=\"has-medium-font-size\">Avant de soumettre ce projet \u00e0 la CAF, nous souhaitons le partager avec vous afin de recueillir vos observations qui pourront \u00eatre int\u00e9gr\u00e9es au projet d\u00e9finitif.<\/p>\n\n\n\n<p class=\"has-medium-font-size\">Ce temps d\u2019\u00e9change sera cl\u00f4tur\u00e9 par un verre de l\u2019amiti\u00e9 accompagn\u00e9 d\u2019un petit grignotage.<\/p>\n\n\n\n<p><\/p>\n<\/div><\/div>\n","protected":false},"excerpt":{"rendered":"<p>Pr\u00e9sentation du Projet Social : Vendredi 5 d\u00e9cembre 2025 Nous avons le plaisir de vous inviter \u00e0 participer au comit\u00e9 de pr\u00e9-validation du nouveau projet social du Centre Social AFB pour 2026-2030, qui aura lieu le vendredi 05 d\u00e9cembre \u00e0 partirde 18h \u00e0 la maison de l\u2019Enfance, place du Portalet, \u00e0 Buis les Baronnies (en &hellip;<\/p>\n","protected":false},"author":8,"featured_media":7005,"comment_status":"closed","ping_status":"closed","sticky":false,"template":"","format":"standard","meta":{"footnotes":""},"categories":[25],"tags":[],"class_list":["post-7004","post","type-post","status-publish","format-standard","has-post-thumbnail","hentry","category-archives-actualites-afb"],"_links":{"self":[{"href":"https:\/\/afb26.org\/index.php?rest_route=\/wp\/v2\/posts\/7004","targetHints":{"allow":["GET"]}}],"collection":[{"href":"https:\/\/afb26.org\/index.php?rest_route=\/wp\/v2\/posts"}],"about":[{"href":"https:\/\/afb26.org\/index.php?rest_route=\/wp\/v2\/types\/post"}],"author":[{"embeddable":true,"href":"https:\/\/afb26.org\/index.php?rest_route=\/wp\/v2\/users\/8"}],"replies":[{"embeddable":true,"href":"https:\/\/afb26.org\/index.php?rest_route=%2Fwp%2Fv2%2Fcomments&post=7004"}],"version-history":[{"count":3,"href":"https:\/\/afb26.org\/index.php?rest_route=\/wp\/v2\/posts\/7004\/revisions"}],"predecessor-version":[{"id":7008,"href":"https:\/\/afb26.org\/index.php?rest_route=\/wp\/v2\/posts\/7004\/revisions\/7008"}],"wp:featuredmedia":[{"embeddable":true,"href":"https:\/\/afb26.org\/index.php?rest_route=\/wp\/v2\/media\/7005"}],"wp:attachment":[{"href":"https:\/\/afb26.org\/index.php?rest_route=%2Fwp%2Fv2%2Fmedia&parent=7004"}],"wp:term":[{"taxonomy":"category","embeddable":true,"href":"https:\/\/afb26.org\/index.php?rest_route=%2Fwp%2Fv2%2Fcategories&post=7004"},{"taxonomy":"post_tag","embeddable":true,"href":"https:\/\/afb26.org\/index.php?rest_route=%2Fwp%2Fv2%2Ftags&post=7004"}],"curies":[{"name":"wp","href":"https:\/\/api.w.org\/{rel}","templated":true}]}}