{"id":7009,"date":"2025-11-26T16:00:15","date_gmt":"2025-11-26T15:00:15","guid":{"rendered":"https:\/\/afb26.org\/?p=7009"},"modified":"2025-12-16T12:36:15","modified_gmt":"2025-12-16T11:36:15","slug":"gratiferia-dhiver-gratuite-et-solidarite","status":"publish","type":"post","link":"https:\/\/afb26.org\/?p=7009","title":{"rendered":"Gratif\u00e9ria d&#8217;hiver : gratuit\u00e9 et solidarit\u00e9 !"},"content":{"rendered":"\n<p>Gratif\u00e9ria d&#8217;hiver : gratuit\u00e9 et solidarit\u00e9 !<\/p>\n\n\n\n<div class=\"wp-block-media-text is-stacked-on-mobile\" style=\"grid-template-columns:39% auto\"><figure class=\"wp-block-media-text__media\"><img loading=\"lazy\" decoding=\"async\" width=\"724\" height=\"1024\" src=\"https:\/\/afb26.org\/wp-content\/uploads\/2025\/11\/Affiche1-724x1024.png\" alt=\"\" class=\"wp-image-7037 size-full\" srcset=\"https:\/\/afb26.org\/wp-content\/uploads\/2025\/11\/Affiche1-724x1024.png 724w, https:\/\/afb26.org\/wp-content\/uploads\/2025\/11\/Affiche1-212x300.png 212w, https:\/\/afb26.org\/wp-content\/uploads\/2025\/11\/Affiche1-768x1086.png 768w, https:\/\/afb26.org\/wp-content\/uploads\/2025\/11\/Affiche1-1086x1536.png 1086w, https:\/\/afb26.org\/wp-content\/uploads\/2025\/11\/Affiche1.png 1414w\" sizes=\"auto, (max-width: 724px) 100vw, 724px\" \/><\/figure><div class=\"wp-block-media-text__content\">\n<p class=\"has-regular-font-size\">La Gratif\u00e9ria revient ! C\u2019est le moment de faire du tri !!<\/p>\n\n\n\n<p class=\"has-regular-font-size\">Pr\u00e9parer vos dons, v\u00eatements propres et de saison, objets, petit mat\u00e9riel, livres, d\u00e9co\u2026etc<\/p>\n\n\n\n<p class=\"has-regular-font-size\">Cette p\u00e9riode sera aussi l&#8217;occasion de partage et de solidarit\u00e9, autour du bras\u00e9ro ! En partenariat avec plusieurs associations locales, l&#8217;AFB propose :<\/p>\n\n\n\n<p class=\"has-regular-font-size\"><strong>Le mercredi 10 d\u00e9cembre<\/strong> :<\/p>\n\n\n\n<blockquote class=\"wp-block-quote is-layout-flow wp-block-quote-is-layout-flow\">\n<p style=\"font-size:19px\"><strong>\u00e0 partir de 10h30<\/strong> : atelier cuisine &#8211; soupe festive et solidaire ! Ramenez vos l\u00e9gumes inutilis\u00e9s, invendus, les l\u00e9gumes &#8220;moches&#8221;, des fanes de l\u00e9gumes, petites p\u00e2tes, pains de la veille&#8230; pour d&#8217;excellentes soupes anti-gaspi ! Plusieurs \u00e9quipes, plusieurs soupes pour une d\u00e9gustation festive ! (Avec le CEDER, le Chat Bott\u00e9, la MFR&#8230;)<\/p>\n\n\n\n<p style=\"font-size:19px\"><strong>A partir de 12h <\/strong>: d\u00e9gustation de soupes ouverte \u00e0 toutes et tous ! Pour un moment festif et interg\u00e9n\u00e9rationnel !<\/p>\n<\/blockquote>\n\n\n\n<p class=\"has-regular-font-size\"><strong>Et tout au long de la Gratif\u00e9ria :<\/strong><\/p>\n\n\n\n<blockquote class=\"wp-block-quote is-layout-flow wp-block-quote-is-layout-flow\">\n<p style=\"font-size:19px\">Stand &#8220;Cr\u00e9e une Carte, Offre un Sourire&#8221; \u00e0 glisser ensuite dans les Bo\u00eetes Solidaires<\/p>\n\n\n\n<p style=\"font-size:19px\"><strong>Appel aux dons :<\/strong> si vous souhaitez participer \u00e0 la confection des Bo\u00eetes Solidaires (en partenariat avec la MFR), vous pouvez nous d\u00e9poser des petits carnets et stylos ou des accessoires d&#8217;hiver adulte unisexe (mitaines, gants, \u00e9charpes, bonnets&#8230;) neufs ou en tr\u00e8s bon \u00e9tat. <\/p>\n\n\n\n<p style=\"font-size:19px\">Les \u00e9tudiants de la MFR, les enfants du Chat Bott\u00e9, les participantes de l&#8217;atelier couture et tricot \u00e0 l&#8217;AFB, la Croix Rouge, les commer\u00e7ants et paroissiens de Buis sont d\u00e9j\u00e0 \u00e0 l\u2019\u0153uvre pour remplir ces bo\u00eetes de pr\u00e9sents.<\/p>\n\n\n\n<p style=\"font-size:19px\">Ces bo\u00eetes seront ensuite offertes aux usagers et b\u00e9n\u00e9ficiaires des associations sociales locales.<\/p>\n<\/blockquote>\n\n\n\n<p class=\"has-regular-font-size\">N\u2019h\u00e9sitez pas \u00e0 venir faire un tour, m\u00eame si vous n\u2019avez rien \u00e0 donner ou besoin de rien, ce sera l\u2019occasion de partager un moment convivial, de discuter, de participer aux ateliers\u2026<\/p>\n\n\n\n<p><strong>Appel \u00e0 b\u00e9n\u00e9voles :<\/strong><\/p>\n\n\n\n<p>On a toujours besoin de monde sur la gratif\u00e9ria : installation (la veille l\u2019apr\u00e8s midi) accueil des personnes, orientation et aide pour d\u00e9poser sur les tables, tri tout au long de la gratif\u00e9ria, rangement le jeudi apr\u00e8s-midi\u2026<br>Si vous avez du temps libre et que le projet vous int\u00e9resse, contactez nous pour vous inscrire !!<\/p>\n<\/div><\/div>\n\n\n\n<div class=\"wp-block-columns is-layout-flex wp-container-core-columns-is-layout-9d6595d7 wp-block-columns-is-layout-flex\">\n<div class=\"wp-block-column is-layout-flow wp-block-column-is-layout-flow\">\n<figure class=\"wp-block-image size-large\"><img loading=\"lazy\" decoding=\"async\" width=\"819\" height=\"1024\" src=\"https:\/\/afb26.org\/wp-content\/uploads\/2025\/11\/Prog-819x1024.png\" alt=\"\" class=\"wp-image-7038\" srcset=\"https:\/\/afb26.org\/wp-content\/uploads\/2025\/11\/Prog-819x1024.png 819w, https:\/\/afb26.org\/wp-content\/uploads\/2025\/11\/Prog-240x300.png 240w, https:\/\/afb26.org\/wp-content\/uploads\/2025\/11\/Prog-768x960.png 768w, https:\/\/afb26.org\/wp-content\/uploads\/2025\/11\/Prog.png 1080w\" sizes=\"auto, (max-width: 819px) 100vw, 819px\" \/><\/figure>\n<\/div>\n\n\n\n<div class=\"wp-block-column is-layout-flow wp-block-column-is-layout-flow\">\n<figure class=\"wp-block-image size-large\"><img loading=\"lazy\" decoding=\"async\" width=\"819\" height=\"1024\" src=\"https:\/\/afb26.org\/wp-content\/uploads\/2025\/11\/Charte-de-depot1-819x1024.png\" alt=\"\" class=\"wp-image-7040\" srcset=\"https:\/\/afb26.org\/wp-content\/uploads\/2025\/11\/Charte-de-depot1-819x1024.png 819w, https:\/\/afb26.org\/wp-content\/uploads\/2025\/11\/Charte-de-depot1-240x300.png 240w, https:\/\/afb26.org\/wp-content\/uploads\/2025\/11\/Charte-de-depot1-768x960.png 768w, https:\/\/afb26.org\/wp-content\/uploads\/2025\/11\/Charte-de-depot1.png 1080w\" sizes=\"auto, (max-width: 819px) 100vw, 819px\" \/><\/figure>\n<\/div>\n\n\n\n<div class=\"wp-block-column is-layout-flow wp-block-column-is-layout-flow\">\n<figure class=\"wp-block-image size-large\"><img loading=\"lazy\" decoding=\"async\" width=\"819\" height=\"1024\" src=\"https:\/\/afb26.org\/wp-content\/uploads\/2025\/11\/appel-aux-dons1-819x1024.png\" alt=\"\" class=\"wp-image-7041\" srcset=\"https:\/\/afb26.org\/wp-content\/uploads\/2025\/11\/appel-aux-dons1-819x1024.png 819w, https:\/\/afb26.org\/wp-content\/uploads\/2025\/11\/appel-aux-dons1-240x300.png 240w, https:\/\/afb26.org\/wp-content\/uploads\/2025\/11\/appel-aux-dons1-768x960.png 768w, https:\/\/afb26.org\/wp-content\/uploads\/2025\/11\/appel-aux-dons1.png 1080w\" sizes=\"auto, (max-width: 819px) 100vw, 819px\" \/><\/figure>\n<\/div>\n<\/div>\n","protected":false},"excerpt":{"rendered":"<p>Gratif\u00e9ria d&#8217;hiver : gratuit\u00e9 et solidarit\u00e9 !<\/p>\n","protected":false},"author":9,"featured_media":7037,"comment_status":"closed","ping_status":"closed","sticky":false,"template":"","format":"standard","meta":{"footnotes":""},"categories":[25,1],"tags":[43,36,133,34,102,35,134,132,131],"class_list":["post-7009","post","type-post","status-publish","format-standard","has-post-thumbnail","hentry","category-archives-actualites-afb","category-non-classe","tag-association","tag-baronnies","tag-boites-de-noel","tag-centre-social","tag-gratuite","tag-habitants","tag-marche-aux-dons","tag-solidarite","tag-soupe"],"_links":{"self":[{"href":"https:\/\/afb26.org\/index.php?rest_route=\/wp\/v2\/posts\/7009","targetHints":{"allow":["GET"]}}],"collection":[{"href":"https:\/\/afb26.org\/index.php?rest_route=\/wp\/v2\/posts"}],"about":[{"href":"https:\/\/afb26.org\/index.php?rest_route=\/wp\/v2\/types\/post"}],"author":[{"embeddable":true,"href":"https:\/\/afb26.org\/index.php?rest_route=\/wp\/v2\/users\/9"}],"replies":[{"embeddable":true,"href":"https:\/\/afb26.org\/index.php?rest_route=%2Fwp%2Fv2%2Fcomments&post=7009"}],"version-history":[{"count":14,"href":"https:\/\/afb26.org\/index.php?rest_route=\/wp\/v2\/posts\/7009\/revisions"}],"predecessor-version":[{"id":7042,"href":"https:\/\/afb26.org\/index.php?rest_route=\/wp\/v2\/posts\/7009\/revisions\/7042"}],"wp:featuredmedia":[{"embeddable":true,"href":"https:\/\/afb26.org\/index.php?rest_route=\/wp\/v2\/media\/7037"}],"wp:attachment":[{"href":"https:\/\/afb26.org\/index.php?rest_route=%2Fwp%2Fv2%2Fmedia&parent=7009"}],"wp:term":[{"taxonomy":"category","embeddable":true,"href":"https:\/\/afb26.org\/index.php?rest_route=%2Fwp%2Fv2%2Fcategories&post=7009"},{"taxonomy":"post_tag","embeddable":true,"href":"https:\/\/afb26.org\/index.php?rest_route=%2Fwp%2Fv2%2Ftags&post=7009"}],"curies":[{"name":"wp","href":"https:\/\/api.w.org\/{rel}","templated":true}]}}