{"id":7027,"date":"2025-11-26T17:32:12","date_gmt":"2025-11-26T16:32:12","guid":{"rendered":"https:\/\/afb26.org\/?p=7027"},"modified":"2025-12-17T12:39:26","modified_gmt":"2025-12-17T11:39:26","slug":"gardez-votre-memoire-en-pleine-forme","status":"publish","type":"post","link":"https:\/\/afb26.org\/?p=7027","title":{"rendered":"Gardez votre m\u00e9moire en pleine forme !"},"content":{"rendered":"\n<h2 class=\"wp-block-heading\">Des ateliers m\u00e9moire d\u00e8s janvier 2026 !<\/h2>\n\n\n\n<div class=\"wp-block-media-text is-stacked-on-mobile\" style=\"grid-template-columns:33% auto\"><figure class=\"wp-block-media-text__media\"><img loading=\"lazy\" decoding=\"async\" width=\"672\" height=\"947\" src=\"https:\/\/afb26.org\/wp-content\/uploads\/2025\/11\/Flyer-JPG-capture-decran.jpg\" alt=\"\" class=\"wp-image-7028 size-full\" srcset=\"https:\/\/afb26.org\/wp-content\/uploads\/2025\/11\/Flyer-JPG-capture-decran.jpg 672w, https:\/\/afb26.org\/wp-content\/uploads\/2025\/11\/Flyer-JPG-capture-decran-213x300.jpg 213w\" sizes=\"auto, (max-width: 672px) 100vw, 672px\" \/><\/figure><div class=\"wp-block-media-text__content\">\n<p>\u00c9garer ses cl\u00e9s, oublier un pr\u00e9nom ou le titre d\u2019un film\u2026 Avec l\u2019\u00e2ge, notre m\u00e9moire a parfois besoin d\u2019un petit coup de pouce.<br>Bonne nouvelle : la m\u00e9moire, \u00e7a s\u2019entretient !<\/p>\n\n\n\n<p>Pour cela, La <strong>MSA Ard\u00e8che Dr\u00f4me Loire<\/strong> vous propose le programme <strong>PEP\u2019S EUR\u00caKA<\/strong>, des ateliers gratuits et ouverts \u00e0 tous les plus de 55 ans pour entretenir votre m\u00e9moire, votre attention et votre concentration dans la vie quotidienne.<\/p>\n\n\n\n<p>Venez d\u00e9couvrir le programme, poser vos questions et vous inscrire !<br>Lors de cette rencontre, nous vous expliquerons le d\u00e9roul\u00e9 des s\u00e9ances et le r\u00f4le du <strong>test MOKA<\/strong>,<br>un petit entretien individuel simple et bienveillant propos\u00e9 avant les ateliers pour faire le point sur vos capacit\u00e9s cognitives.<\/p>\n\n\n\n<p>\ud83d\udc49 <strong>R\u00e9union d\u2019information et inscriptions :<br>\ud83d\udcc5 Vendredi 9 janvier \u00e0 10 h<br>\ud83d\udccd Centre social AFB , 3 place du Portalet , Buis-les-Baronnies<\/strong><\/p>\n\n\n\n<p>Lors de cette rencontre, d\u00e9couvrez le programme, posez vos questions et rencontrez les animateurs.<br>Les ateliers sont gratuits et ouverts \u00e0 tous les plus de 55 ans, quel que soit votre r\u00e9gime de protection sociale.<\/p>\n\n\n\n<p><strong>Et ensuite ?<\/strong><\/p>\n\n\n\n<p>\u00c0 partir du <strong>vendredi 16 janvier<\/strong>, rejoignez un cycle de 10 ateliers collectifs hebdomadaires anim\u00e9s par des intervenants form\u00e9s :<br>jeux de m\u00e9moire, exercices, \u00e9changes et astuces pour entretenir vos capacit\u00e9s intellectuelles dans une ambiance conviviale. <\/p>\n\n\n\n<p>Contact et inscriptions \u00a0: Marjorie MARQUEZ\u00a0: 06 16 16 89 84<\/p>\n<\/div><\/div>\n","protected":false},"excerpt":{"rendered":"<p>Des ateliers m\u00e9moire d\u00e8s janvier 2026 ! \u00c9garer ses cl\u00e9s, oublier un pr\u00e9nom ou le titre d\u2019un film\u2026 Avec l\u2019\u00e2ge, notre m\u00e9moire a parfois besoin d\u2019un petit coup de pouce.Bonne nouvelle : la m\u00e9moire, \u00e7a s\u2019entretient ! Pour cela, La MSA Ard\u00e8che Dr\u00f4me Loire vous propose le programme PEP\u2019S EUR\u00caKA, des ateliers gratuits et ouverts &hellip;<\/p>\n","protected":false},"author":9,"featured_media":7028,"comment_status":"closed","ping_status":"closed","sticky":false,"template":"","format":"standard","meta":{"footnotes":""},"categories":[2],"tags":[50,43,136,36,34,35,137,135],"class_list":["post-7027","post","type-post","status-publish","format-standard","has-post-thumbnail","hentry","category-actus-afb","tag-activites","tag-association","tag-atelier-memoire","tag-baronnies","tag-centre-social","tag-habitants","tag-memoire","tag-senior"],"_links":{"self":[{"href":"https:\/\/afb26.org\/index.php?rest_route=\/wp\/v2\/posts\/7027","targetHints":{"allow":["GET"]}}],"collection":[{"href":"https:\/\/afb26.org\/index.php?rest_route=\/wp\/v2\/posts"}],"about":[{"href":"https:\/\/afb26.org\/index.php?rest_route=\/wp\/v2\/types\/post"}],"author":[{"embeddable":true,"href":"https:\/\/afb26.org\/index.php?rest_route=\/wp\/v2\/users\/9"}],"replies":[{"embeddable":true,"href":"https:\/\/afb26.org\/index.php?rest_route=%2Fwp%2Fv2%2Fcomments&post=7027"}],"version-history":[{"count":5,"href":"https:\/\/afb26.org\/index.php?rest_route=\/wp\/v2\/posts\/7027\/revisions"}],"predecessor-version":[{"id":7033,"href":"https:\/\/afb26.org\/index.php?rest_route=\/wp\/v2\/posts\/7027\/revisions\/7033"}],"wp:featuredmedia":[{"embeddable":true,"href":"https:\/\/afb26.org\/index.php?rest_route=\/wp\/v2\/media\/7028"}],"wp:attachment":[{"href":"https:\/\/afb26.org\/index.php?rest_route=%2Fwp%2Fv2%2Fmedia&parent=7027"}],"wp:term":[{"taxonomy":"category","embeddable":true,"href":"https:\/\/afb26.org\/index.php?rest_route=%2Fwp%2Fv2%2Fcategories&post=7027"},{"taxonomy":"post_tag","embeddable":true,"href":"https:\/\/afb26.org\/index.php?rest_route=%2Fwp%2Fv2%2Ftags&post=7027"}],"curies":[{"name":"wp","href":"https:\/\/api.w.org\/{rel}","templated":true}]}}