{"id":7129,"date":"2025-12-17T12:34:31","date_gmt":"2025-12-17T11:34:31","guid":{"rendered":"https:\/\/afb26.org\/?p=7129"},"modified":"2025-12-17T12:39:01","modified_gmt":"2025-12-17T11:39:01","slug":"pret-du-mini-bus-aux-associations-mise-en-pause","status":"publish","type":"post","link":"https:\/\/afb26.org\/?p=7129","title":{"rendered":"Pr\u00eat du mini bus aux associations : mise en pause"},"content":{"rendered":"\n<h2 class=\"wp-block-heading\">Mise en pause des pr\u00eats du Mini bus<\/h2>\n\n\n\n<div class=\"wp-block-media-text is-stacked-on-mobile\" style=\"grid-template-columns:30% auto\"><figure class=\"wp-block-media-text__media\"><img loading=\"lazy\" decoding=\"async\" width=\"819\" height=\"1024\" src=\"https:\/\/afb26.org\/wp-content\/uploads\/2025\/12\/mini-bus-819x1024.png\" alt=\"\" class=\"wp-image-7130 size-full\" srcset=\"https:\/\/afb26.org\/wp-content\/uploads\/2025\/12\/mini-bus-819x1024.png 819w, https:\/\/afb26.org\/wp-content\/uploads\/2025\/12\/mini-bus-240x300.png 240w, https:\/\/afb26.org\/wp-content\/uploads\/2025\/12\/mini-bus-768x960.png 768w, https:\/\/afb26.org\/wp-content\/uploads\/2025\/12\/mini-bus.png 1080w\" sizes=\"auto, (max-width: 819px) 100vw, 819px\" \/><\/figure><div class=\"wp-block-media-text__content\">\n<p class=\"has-medium-font-size\">Dans le cadre du soutien \u00e0 la vie associative,<strong> l\u2019association familiale des baronnies-Centre social<\/strong> met<strong> \u00e0 dispositions des associations locales <\/strong>un <strong>mini bus 9 place<\/strong>.<\/p>\n\n\n\n<p class=\"has-medium-font-size\">Pour des raisons administratives, ces <strong>pr\u00eats<\/strong> seront <strong>mis en pause<\/strong> au d\u00e9but de l\u2019ann\u00e9e 2026 pour permettre la modification des conventions. Le v\u00e9hicule devrait \u00eatre de nouveau disponible courant f\u00e9vrier.<\/p>\n\n\n\n<p class=\"has-medium-font-size\">Afin d\u2019\u00e9tablir au mieux ces nouvelles conventions, nous inviterons prochainement les associations utilisatrice du v\u00e9hicule a un temps d\u2019interconnaissance et de r\u00e9flexion collective.<\/p>\n\n\n\n<p class=\"has-medium-font-size\"><strong>Si vous souhaitez vous tenir inform\u00e9 de la suite de ce processus, vous pouvez \u00e9crire \u00e0 accueil@afb26.org.<\/strong><\/p>\n<\/div><\/div>\n","protected":false},"excerpt":{"rendered":"<p>Mise en pause des pr\u00eats du Mini bus Dans le cadre du soutien \u00e0 la vie associative, l\u2019association familiale des baronnies-Centre social met \u00e0 dispositions des associations locales un mini bus 9 place. Pour des raisons administratives, ces pr\u00eats seront mis en pause au d\u00e9but de l\u2019ann\u00e9e 2026 pour permettre la modification des conventions. Le &hellip;<\/p>\n","protected":false},"author":8,"featured_media":7130,"comment_status":"closed","ping_status":"closed","sticky":false,"template":"","format":"standard","meta":{"footnotes":""},"categories":[2],"tags":[],"class_list":["post-7129","post","type-post","status-publish","format-standard","has-post-thumbnail","hentry","category-actus-afb"],"_links":{"self":[{"href":"https:\/\/afb26.org\/index.php?rest_route=\/wp\/v2\/posts\/7129","targetHints":{"allow":["GET"]}}],"collection":[{"href":"https:\/\/afb26.org\/index.php?rest_route=\/wp\/v2\/posts"}],"about":[{"href":"https:\/\/afb26.org\/index.php?rest_route=\/wp\/v2\/types\/post"}],"author":[{"embeddable":true,"href":"https:\/\/afb26.org\/index.php?rest_route=\/wp\/v2\/users\/8"}],"replies":[{"embeddable":true,"href":"https:\/\/afb26.org\/index.php?rest_route=%2Fwp%2Fv2%2Fcomments&post=7129"}],"version-history":[{"count":1,"href":"https:\/\/afb26.org\/index.php?rest_route=\/wp\/v2\/posts\/7129\/revisions"}],"predecessor-version":[{"id":7131,"href":"https:\/\/afb26.org\/index.php?rest_route=\/wp\/v2\/posts\/7129\/revisions\/7131"}],"wp:featuredmedia":[{"embeddable":true,"href":"https:\/\/afb26.org\/index.php?rest_route=\/wp\/v2\/media\/7130"}],"wp:attachment":[{"href":"https:\/\/afb26.org\/index.php?rest_route=%2Fwp%2Fv2%2Fmedia&parent=7129"}],"wp:term":[{"taxonomy":"category","embeddable":true,"href":"https:\/\/afb26.org\/index.php?rest_route=%2Fwp%2Fv2%2Fcategories&post=7129"},{"taxonomy":"post_tag","embeddable":true,"href":"https:\/\/afb26.org\/index.php?rest_route=%2Fwp%2Fv2%2Ftags&post=7129"}],"curies":[{"name":"wp","href":"https:\/\/api.w.org\/{rel}","templated":true}]}}