{"id":7132,"date":"2026-01-20T10:19:11","date_gmt":"2026-01-20T09:19:11","guid":{"rendered":"https:\/\/afb26.org\/?p=7132"},"modified":"2026-02-04T11:57:25","modified_gmt":"2026-02-04T10:57:25","slug":"creation-de-geants","status":"publish","type":"post","link":"https:\/\/afb26.org\/?p=7132","title":{"rendered":"Cr\u00e9ation de G\u00e9ants"},"content":{"rendered":"\n<h2 class=\"wp-block-heading\">Pr\u00e9parons le Carnaval 2026 : ateliers de cr\u00e9ation de g\u00e9ants<\/h2>\n\n\n\n<p>Les ann\u00e9es pr\u00e9c\u00e9dentes, vous avez exprim\u00e9 des envies de grandeur et de cr\u00e9atures spectaculaires pour animer le Carnaval de Buis&#8230; Cette ann\u00e9e, nous vous proposons de le pr\u00e9parer ensemble en cr\u00e9ant des G\u00e9ants !<\/p>\n\n\n\n<p>\u00c0 l\u2019occasion du <strong>Carnaval 2026<\/strong>, qui se d\u00e9roulera le <strong>vendredi 27 mars<\/strong>, nous vous invitons \u00e0 participer \u00e0 <strong>trois ateliers de cr\u00e9ation de g\u00e9ants<\/strong> ouverts \u00e0 toutes et tous.<\/p>\n\n\n\n<p><strong>Les g\u00e9ants de carnaval sont de grandes figures, souvent inspir\u00e9es de personnages imaginaires, de traditions locales ou de th\u00e8mes festifs, qui symbolisent l\u2019esprit du carnaval et prennent vie lors des d\u00e9fil\u00e9s au c\u0153ur de la f\u00eate.<\/strong><\/p>\n\n\n\n<div class=\"wp-block-media-text is-stacked-on-mobile\" style=\"grid-template-columns:44% auto\"><figure class=\"wp-block-media-text__media\"><img loading=\"lazy\" decoding=\"async\" width=\"819\" height=\"1024\" src=\"https:\/\/afb26.org\/wp-content\/uploads\/2026\/01\/Carnaval-2026-creation-geants-Instagram-45-819x1024.png\" alt=\"\" class=\"wp-image-7151 size-full\" srcset=\"https:\/\/afb26.org\/wp-content\/uploads\/2026\/01\/Carnaval-2026-creation-geants-Instagram-45-819x1024.png 819w, https:\/\/afb26.org\/wp-content\/uploads\/2026\/01\/Carnaval-2026-creation-geants-Instagram-45-240x300.png 240w, https:\/\/afb26.org\/wp-content\/uploads\/2026\/01\/Carnaval-2026-creation-geants-Instagram-45-768x960.png 768w, https:\/\/afb26.org\/wp-content\/uploads\/2026\/01\/Carnaval-2026-creation-geants-Instagram-45.png 1080w\" sizes=\"auto, (max-width: 819px) 100vw, 819px\" \/><\/figure><div class=\"wp-block-media-text__content\">\n<p><\/p>\n\n\n\n<p>Ces ateliers seront l\u2019occasion de laisser libre cours \u00e0 votre imagination, de d\u00e9couvrir les techniques de fabrication de grandes figures carnavalesques et de contribuer collectivement \u00e0 la pr\u00e9paration du d\u00e9fil\u00e9, le tout avec des objets et mat\u00e9riaux de r\u00e9cup\u00e9ration (voir appel au dons plus bas). <\/p>\n\n\n\n<p>\ud83d\udcc5 <strong>Dates des ateliers<\/strong><\/p>\n\n\n\n<ul class=\"wp-block-list\">\n<li><strong>Samedi 31 janvier 2026<\/strong><\/li>\n\n\n\n<li><strong>Samedi 28 f\u00e9vrier 2026<\/strong><\/li>\n\n\n\n<li><strong>Samedi 14 mars 2026<\/strong><\/li>\n<\/ul>\n\n\n\n<p>\ud83d\udd51 <strong>Horaires<\/strong> : de 14h \u00e0 17h<\/p>\n\n\n\n<p>\ud83d\udccd <strong>Lieu<\/strong> : <strong>AFB<\/strong><\/p>\n\n\n\n<p><strong>Ouvert \u00e0 toutes et tous, de tout \u00e2ge<\/strong> <em>(mineurs sous la responsabilit\u00e9 d&#8217;un adulte r\u00e9f\u00e9rent)<\/em><\/p>\n\n\n\n<p>Au fil des s\u00e9ances, les participants construiront ensemble des g\u00e9ants qui prendront vie lors du Carnaval. Une belle aventure cr\u00e9ative, conviviale et festive \u00e0 partager en famille, entre amis ou entre voisins !<\/p>\n\n\n\n<p>En ad\u00e9quation avec les projets d&#8217;\u00e9conomie circulaire, de r\u00e9cup\u00e9ration et de r\u00e9emploi du centre social, les g\u00e9ants prendront vie gr\u00e2ce \u00e0 des objets et mat\u00e9riaux de r\u00e9cup&#8217; ! Nous aurions besoin de :<\/p>\n\n\n\n<ul class=\"wp-block-list\">\n<li>Vieux sac \u00e0 dos de randonn\u00e9e<\/li>\n\n\n\n<li>Tubes en alu (type arceaux de tente hors d&#8217;usage)<\/li>\n\n\n\n<li>Cordes d&#8217;escalade inutilisables<\/li>\n\n\n\n<li>Cintres en bois<\/li>\n\n\n\n<li>Chutes de mousse (vieux matelas, ou tapis de yoga&#8230;)<\/li>\n\n\n\n<li>Tasseaux de bois<\/li>\n\n\n\n<li>Tiges de bambou <\/li>\n\n\n\n<li>Ficelles de bottes de paille (vous savez, les bleus qu&#8217;on voit partout)<\/li>\n\n\n\n<li>Sangles plastiques plates (celles qui ferment les colis)<\/li>\n\n\n\n<li>Fil de fer<\/li>\n\n\n\n<li>Rivets\/Vis\/Ecrou<\/li>\n\n\n\n<li>&#8230;<\/li>\n<\/ul>\n\n\n\n<p>Les ateliers seront encadr\u00e9s par Lise NUGUES, elle-m\u00eame cr\u00e9atrice et marionnettiste, qui vous aidera \u00e0 trouver des solutions techniques \u00e0 vos id\u00e9es les plus folles !<\/p>\n\n\n\n<p>Rejoignez-nous et participez activement \u00e0 la magie du Carnaval de Buis 2026 !<\/p>\n<\/div><\/div>\n\n\n\n<p><\/p>\n","protected":false},"excerpt":{"rendered":"<p>Pr\u00e9parons le Carnaval 2026 : ateliers de cr\u00e9ation de g\u00e9ants Les ann\u00e9es pr\u00e9c\u00e9dentes, vous avez exprim\u00e9 des envies de grandeur et de cr\u00e9atures spectaculaires pour animer le Carnaval de Buis&#8230; Cette ann\u00e9e, nous vous proposons de le pr\u00e9parer ensemble en cr\u00e9ant des G\u00e9ants ! \u00c0 l\u2019occasion du Carnaval 2026, qui se d\u00e9roulera le vendredi 27 &hellip;<\/p>\n","protected":false},"author":9,"featured_media":7151,"comment_status":"closed","ping_status":"closed","sticky":false,"template":"","format":"standard","meta":{"footnotes":""},"categories":[2,6],"tags":[50,36,138,34,35,139,140],"class_list":["post-7132","post","type-post","status-publish","format-standard","has-post-thumbnail","hentry","category-actus-afb","category-animation-locale","tag-activites","tag-baronnies","tag-carnaval","tag-centre-social","tag-habitants","tag-loisirs-creatifs","tag-upcycling"],"_links":{"self":[{"href":"https:\/\/afb26.org\/index.php?rest_route=\/wp\/v2\/posts\/7132","targetHints":{"allow":["GET"]}}],"collection":[{"href":"https:\/\/afb26.org\/index.php?rest_route=\/wp\/v2\/posts"}],"about":[{"href":"https:\/\/afb26.org\/index.php?rest_route=\/wp\/v2\/types\/post"}],"author":[{"embeddable":true,"href":"https:\/\/afb26.org\/index.php?rest_route=\/wp\/v2\/users\/9"}],"replies":[{"embeddable":true,"href":"https:\/\/afb26.org\/index.php?rest_route=%2Fwp%2Fv2%2Fcomments&post=7132"}],"version-history":[{"count":7,"href":"https:\/\/afb26.org\/index.php?rest_route=\/wp\/v2\/posts\/7132\/revisions"}],"predecessor-version":[{"id":7153,"href":"https:\/\/afb26.org\/index.php?rest_route=\/wp\/v2\/posts\/7132\/revisions\/7153"}],"wp:featuredmedia":[{"embeddable":true,"href":"https:\/\/afb26.org\/index.php?rest_route=\/wp\/v2\/media\/7151"}],"wp:attachment":[{"href":"https:\/\/afb26.org\/index.php?rest_route=%2Fwp%2Fv2%2Fmedia&parent=7132"}],"wp:term":[{"taxonomy":"category","embeddable":true,"href":"https:\/\/afb26.org\/index.php?rest_route=%2Fwp%2Fv2%2Fcategories&post=7132"},{"taxonomy":"post_tag","embeddable":true,"href":"https:\/\/afb26.org\/index.php?rest_route=%2Fwp%2Fv2%2Ftags&post=7132"}],"curies":[{"name":"wp","href":"https:\/\/api.w.org\/{rel}","templated":true}]}}