{"id":7165,"date":"2026-01-13T14:29:44","date_gmt":"2026-01-13T13:29:44","guid":{"rendered":"https:\/\/afb26.org\/?p=7165"},"modified":"2026-02-04T11:56:39","modified_gmt":"2026-02-04T10:56:39","slug":"le-verger-collectif","status":"publish","type":"post","link":"https:\/\/afb26.org\/?p=7165","title":{"rendered":"Le verger collectif"},"content":{"rendered":"\n<h2 class=\"wp-block-heading\">Le verger collectif<\/h2>\n\n\n\n<div class=\"wp-block-media-text is-stacked-on-mobile\" style=\"grid-template-columns:33% auto\"><figure class=\"wp-block-media-text__media\"><img loading=\"lazy\" decoding=\"async\" width=\"819\" height=\"1024\" src=\"https:\/\/afb26.org\/wp-content\/uploads\/2026\/01\/verger-collectif-Publication-Instagram-45-819x1024.png\" alt=\"\" class=\"wp-image-7162 size-full\" srcset=\"https:\/\/afb26.org\/wp-content\/uploads\/2026\/01\/verger-collectif-Publication-Instagram-45-819x1024.png 819w, https:\/\/afb26.org\/wp-content\/uploads\/2026\/01\/verger-collectif-Publication-Instagram-45-240x300.png 240w, https:\/\/afb26.org\/wp-content\/uploads\/2026\/01\/verger-collectif-Publication-Instagram-45-768x960.png 768w, https:\/\/afb26.org\/wp-content\/uploads\/2026\/01\/verger-collectif-Publication-Instagram-45.png 1080w\" sizes=\"auto, (max-width: 819px) 100vw, 819px\" \/><\/figure><div class=\"wp-block-media-text__content\">\n<p>En 2026, l&#8217;AFB accompagne une nouvelle initiative citoyenne : le verger collectif !! <\/p>\n\n\n\n<p>Le collectif d&#8217;habitant\u00b7es qui porte ce projet vous propose d&#8217;ores et d\u00e9j\u00e0 deux rendez-vous pour remettre en route ce verger, laiss\u00e9 \u00e0 l&#8217;abandon depuis de nombreux mois :<\/p>\n\n\n\n<p><img decoding=\"async\" style=\"width: 15px;\" src=\"https:\/\/s.w.org\/images\/core\/emoji\/17.0.2\/svg\/1f4c5.svg\" alt=\"\ud83d\udcc5\"> <strong>Dates du chantier participatif<\/strong><\/p>\n\n\n\n<ul class=\"wp-block-list\">\n<li><strong>Mardi 20 janvier<\/strong><\/li>\n\n\n\n<li><strong>Dimanche 25 janvier<\/strong><\/li>\n<\/ul>\n\n\n\n<p><img decoding=\"async\" style=\"width: 15px;\" src=\"https:\/\/s.w.org\/images\/core\/emoji\/17.0.2\/svg\/1f551.svg\" alt=\"\ud83d\udd51\"> <strong>Horaires<\/strong> : <strong>de 11h \u00e0 15h<\/strong><\/p>\n\n\n\n<p><img decoding=\"async\" style=\"width: 15px;\" src=\"https:\/\/s.w.org\/images\/core\/emoji\/17.0.2\/svg\/1f4cd.svg\" alt=\"\ud83d\udccd\"> <strong>Lieu<\/strong> : <strong>Jardins Familiaux de Lapalun<\/strong><\/p>\n\n\n\n<p>Vous souhaitez apprendre \u00e0 tailler les arbres fruitiers et fabriquer une haie s\u00e8che avec les branchages ? Des connaisseurs seront pr\u00e9sents pour encadrer le chantier. Vous souhaitez participer au projet et apporter votre savoir-faire ? Vous \u00eates \u00e9galement bienvenu\u00b7es !<\/p>\n\n\n\n<p><em>Pr\u00e9voyez votre pique-nique pour une petite pause conviviale !<\/em><\/p>\n\n\n\n<p>Vous vous demandez ce qu&#8217;est ce nouveau projet collectif ? Nous vous invitons \u00e0 lire ses &#8220;raisons d&#8217;\u00eatre&#8221; dans le document ci-apr\u00e8s et\/ou \u00e0 contacter Manou au 06 70 45 11 43<\/p>\n<\/div><\/div>\n\n\n\n<div data-wp-interactive=\"core\/file\" class=\"wp-block-file\"><object data-wp-bind--hidden=\"!state.hasPdfPreview\" hidden class=\"wp-block-file__embed\" data=\"https:\/\/afb26.org\/wp-content\/uploads\/2026\/01\/Les-raisons-detre-du-verger-collectif.pdf\" type=\"application\/pdf\" style=\"width:100%;height:600px\" aria-label=\"Contenu embarqu\u00e9 Les raisons d&apos;\u00eatre du verger collectif.\"><\/object><a id=\"wp-block-file--media-dab6afa8-fb55-4150-94ac-26c8c7570316\" href=\"https:\/\/afb26.org\/wp-content\/uploads\/2026\/01\/Les-raisons-detre-du-verger-collectif.pdf\">Les raisons d&#8217;\u00eatre du verger collectif<\/a><a href=\"https:\/\/afb26.org\/wp-content\/uploads\/2026\/01\/Les-raisons-detre-du-verger-collectif.pdf\" class=\"wp-block-file__button wp-element-button\" download aria-describedby=\"wp-block-file--media-dab6afa8-fb55-4150-94ac-26c8c7570316\">T\u00e9l\u00e9charger<\/a><\/div>\n","protected":false},"excerpt":{"rendered":"<p>Le verger collectif<\/p>\n","protected":false},"author":9,"featured_media":7162,"comment_status":"closed","ping_status":"closed","sticky":false,"template":"","format":"standard","meta":{"footnotes":""},"categories":[2,6,56,1],"tags":[50,43,36,34,35,142,144,141,143],"class_list":["post-7165","post","type-post","status-publish","format-standard","has-post-thumbnail","hentry","category-actus-afb","category-animation-locale","category-les-actualites-du-territoire","category-non-classe","tag-activites","tag-association","tag-baronnies","tag-centre-social","tag-habitants","tag-initiative-citoyenne","tag-jardin-partage","tag-verger","tag-verger-collectif"],"_links":{"self":[{"href":"https:\/\/afb26.org\/index.php?rest_route=\/wp\/v2\/posts\/7165","targetHints":{"allow":["GET"]}}],"collection":[{"href":"https:\/\/afb26.org\/index.php?rest_route=\/wp\/v2\/posts"}],"about":[{"href":"https:\/\/afb26.org\/index.php?rest_route=\/wp\/v2\/types\/post"}],"author":[{"embeddable":true,"href":"https:\/\/afb26.org\/index.php?rest_route=\/wp\/v2\/users\/9"}],"replies":[{"embeddable":true,"href":"https:\/\/afb26.org\/index.php?rest_route=%2Fwp%2Fv2%2Fcomments&post=7165"}],"version-history":[{"count":7,"href":"https:\/\/afb26.org\/index.php?rest_route=\/wp\/v2\/posts\/7165\/revisions"}],"predecessor-version":[{"id":7173,"href":"https:\/\/afb26.org\/index.php?rest_route=\/wp\/v2\/posts\/7165\/revisions\/7173"}],"wp:featuredmedia":[{"embeddable":true,"href":"https:\/\/afb26.org\/index.php?rest_route=\/wp\/v2\/media\/7162"}],"wp:attachment":[{"href":"https:\/\/afb26.org\/index.php?rest_route=%2Fwp%2Fv2%2Fmedia&parent=7165"}],"wp:term":[{"taxonomy":"category","embeddable":true,"href":"https:\/\/afb26.org\/index.php?rest_route=%2Fwp%2Fv2%2Fcategories&post=7165"},{"taxonomy":"post_tag","embeddable":true,"href":"https:\/\/afb26.org\/index.php?rest_route=%2Fwp%2Fv2%2Ftags&post=7165"}],"curies":[{"name":"wp","href":"https:\/\/api.w.org\/{rel}","templated":true}]}}