{"id":7949,"date":"2026-09-04T10:53:21","date_gmt":"2026-09-04T08:53:21","guid":{"rendered":"https:\/\/afb26.org\/?p=7949"},"modified":"2026-09-04T11:54:14","modified_gmt":"2026-09-04T09:54:14","slug":"gratiferia-de-la-rentree","status":"publish","type":"post","link":"https:\/\/afb26.org\/?p=7949","title":{"rendered":"Gratif\u00e9ria de la rentr\u00e9e"},"content":{"rendered":"\n<h2 class=\"wp-block-heading\">Retrouvez la gratif\u00e9ria pour la rentr\u00e9e 2026 !<\/h2>\n\n\n\n<div class=\"wp-block-columns is-layout-flex wp-container-core-columns-is-layout-8f761849 wp-block-columns-is-layout-flex\">\n<div class=\"wp-block-column is-layout-flow wp-block-column-is-layout-flow\">\n<figure class=\"wp-block-image size-full is-resized\"><img loading=\"lazy\" decoding=\"async\" width=\"1080\" height=\"1350\" src=\"https:\/\/afb26.org\/wp-content\/uploads\/2026\/09\/Affiche-grati3.png\" alt=\"\" class=\"wp-image-7951\" style=\"width:700px;height:auto\" srcset=\"https:\/\/afb26.org\/wp-content\/uploads\/2026\/09\/Affiche-grati3.png 1080w, https:\/\/afb26.org\/wp-content\/uploads\/2026\/09\/Affiche-grati3-240x300.png 240w, https:\/\/afb26.org\/wp-content\/uploads\/2026\/09\/Affiche-grati3-819x1024.png 819w, https:\/\/afb26.org\/wp-content\/uploads\/2026\/09\/Affiche-grati3-768x960.png 768w\" sizes=\"auto, (max-width: 1080px) 100vw, 1080px\" \/><\/figure>\n<\/div>\n\n\n\n<div class=\"wp-block-column is-layout-flow wp-block-column-is-layout-flow\">\n<figure class=\"wp-block-image size-full is-resized\"><img loading=\"lazy\" decoding=\"async\" width=\"1080\" height=\"1350\" src=\"https:\/\/afb26.org\/wp-content\/uploads\/2026\/09\/Gratiferia-rentree-2026-A4-Publication-Instagram-45.png\" alt=\"\" class=\"wp-image-7950\" style=\"width:700px;height:auto\" srcset=\"https:\/\/afb26.org\/wp-content\/uploads\/2026\/09\/Gratiferia-rentree-2026-A4-Publication-Instagram-45.png 1080w, https:\/\/afb26.org\/wp-content\/uploads\/2026\/09\/Gratiferia-rentree-2026-A4-Publication-Instagram-45-240x300.png 240w, https:\/\/afb26.org\/wp-content\/uploads\/2026\/09\/Gratiferia-rentree-2026-A4-Publication-Instagram-45-819x1024.png 819w, https:\/\/afb26.org\/wp-content\/uploads\/2026\/09\/Gratiferia-rentree-2026-A4-Publication-Instagram-45-768x960.png 768w\" sizes=\"auto, (max-width: 1080px) 100vw, 1080px\" \/><\/figure>\n<\/div>\n<\/div>\n\n\n\n<p class=\"has-regular-font-size wp-block-paragraph\">La gratif\u00e9ria est de retour pour la rentr\u00e9e 2026 !!<\/p>\n\n\n\n<p class=\"has-regular-font-size wp-block-paragraph\">Il est temps de faire du tri, faire du vide dans vos placards, qu&#8217;est ce qui ne vous va plus ? des choses dont vous n&#8217;avez plus besoin et qui peuvent encore servir ? <\/p>\n\n\n\n<p class=\"has-regular-font-size wp-block-paragraph\">La rentr\u00e9e, avec nos bambins, nous pousse \u00e0 renouveler, on se rend compte qu&#8217;ils ont prit une taille de plus, il faut donc renouveler la garde robe ! On est souvent \u00e0 la recherche de mat\u00e9riel ou accessoire pour cette nouvelle ann\u00e9e scolaire, qu&#8217;on avait pas encore trouv\u00e9. En plus cette ann\u00e9e, comme les chaleurs semblent ne plus nous quitter, cot\u00e9 v\u00eatement on sera sur de la mi-saison. <br>Nous vous remercions d&#8217;avance de ne pas d\u00e9poser de v\u00eatements trop chaud, type combi et manteaux de ski et gros pull d&#8217;hier, car apr\u00e8s chaque gratif\u00e9ria l\u2019\u00e9quipe de b\u00e9n\u00e9vole se charge de distribuer les dons restant \u00e0 plusieurs associations, et ce qui n&#8217;est pas pris par ces assos est envoy\u00e9 \u00e0 la d\u00e9ch\u00e8terie. <\/p>\n\n\n\n<p class=\"has-regular-font-size wp-block-paragraph\">Alors \u00e0 vos dons ! Comme chaque gratif\u00e9ria nous acceptons les dons de v\u00eatement, objets, d\u00e9co, petit mat\u00e9riel livres&#8230; propres, en bon \u00e9tat (et de saison pour le v\u00eatements).<br>Nous n&#8217;acceptons pas les meubles ou objets volumineux par manque de place et en raison de la logistique que \u00e7a demande si \u00e7a ne trouve pas preneur, mais vous pouvez laisser une annonce ! <\/p>\n\n\n\n<p class=\"has-regular-font-size wp-block-paragraph\">Vous trouverez bient\u00f4t, \u00e0 la suite de cet article, les diff\u00e9rents ateliers auxquels vous pourrez participer pendant la gratif\u00e9ria.<\/p>\n\n\n\n<p class=\"has-regular-font-size wp-block-paragraph\">Nous recherchons toujours des b\u00e9n\u00e9voles pour nous aider \u00e0 faire du Tri sur les tables, et orienter les habitants, si vous avec du temps et un peu de motivation, contactez-nous !<\/p>\n\n\n\n<p class=\"has-suki-color-2-color has-text-color has-link-color has-regular-font-size wp-elements-1 wp-block-paragraph\">Plus d&#8217;infos : 04 78 28 17 28 &#8211; accueil@afb26.org<br><\/p>\n\n\n\n<figure class=\"wp-block-image size-large\"><img loading=\"lazy\" decoding=\"async\" width=\"724\" height=\"1024\" src=\"https:\/\/afb26.org\/wp-content\/uploads\/2026\/04\/Histoire-de-la-grati-724x1024.png\" alt=\"\" class=\"wp-image-7548\" srcset=\"https:\/\/afb26.org\/wp-content\/uploads\/2026\/04\/Histoire-de-la-grati-724x1024.png 724w, https:\/\/afb26.org\/wp-content\/uploads\/2026\/04\/Histoire-de-la-grati-212x300.png 212w, https:\/\/afb26.org\/wp-content\/uploads\/2026\/04\/Histoire-de-la-grati-768x1086.png 768w, https:\/\/afb26.org\/wp-content\/uploads\/2026\/04\/Histoire-de-la-grati-1086x1536.png 1086w, https:\/\/afb26.org\/wp-content\/uploads\/2026\/04\/Histoire-de-la-grati.png 1414w\" sizes=\"auto, (max-width: 724px) 100vw, 724px\" \/><\/figure>\n\n\n\n<p class=\"wp-block-paragraph\"><\/p>\n","protected":false},"excerpt":{"rendered":"<p>Retrouvez la gratif\u00e9ria pour la rentr\u00e9e 2026 ! La gratif\u00e9ria est de retour pour la rentr\u00e9e 2026 !! Il est temps de faire du tri, faire du vide dans vos placards, qu&#8217;est ce qui ne vous va plus ? des choses dont vous n&#8217;avez plus besoin et qui peuvent encore servir ? La rentr\u00e9e, avec &hellip;<\/p>\n","protected":false},"author":8,"featured_media":7951,"comment_status":"closed","ping_status":"closed","sticky":false,"template":"","format":"standard","meta":{"footnotes":""},"categories":[2],"tags":[],"class_list":["post-7949","post","type-post","status-publish","format-standard","has-post-thumbnail","hentry","category-actus-afb"],"_links":{"self":[{"href":"https:\/\/afb26.org\/index.php?rest_route=\/wp\/v2\/posts\/7949","targetHints":{"allow":["GET"]}}],"collection":[{"href":"https:\/\/afb26.org\/index.php?rest_route=\/wp\/v2\/posts"}],"about":[{"href":"https:\/\/afb26.org\/index.php?rest_route=\/wp\/v2\/types\/post"}],"author":[{"embeddable":true,"href":"https:\/\/afb26.org\/index.php?rest_route=\/wp\/v2\/users\/8"}],"replies":[{"embeddable":true,"href":"https:\/\/afb26.org\/index.php?rest_route=%2Fwp%2Fv2%2Fcomments&post=7949"}],"version-history":[{"count":6,"href":"https:\/\/afb26.org\/index.php?rest_route=\/wp\/v2\/posts\/7949\/revisions"}],"predecessor-version":[{"id":7966,"href":"https:\/\/afb26.org\/index.php?rest_route=\/wp\/v2\/posts\/7949\/revisions\/7966"}],"wp:featuredmedia":[{"embeddable":true,"href":"https:\/\/afb26.org\/index.php?rest_route=\/wp\/v2\/media\/7951"}],"wp:attachment":[{"href":"https:\/\/afb26.org\/index.php?rest_route=%2Fwp%2Fv2%2Fmedia&parent=7949"}],"wp:term":[{"taxonomy":"category","embeddable":true,"href":"https:\/\/afb26.org\/index.php?rest_route=%2Fwp%2Fv2%2Fcategories&post=7949"},{"taxonomy":"post_tag","embeddable":true,"href":"https:\/\/afb26.org\/index.php?rest_route=%2Fwp%2Fv2%2Ftags&post=7949"}],"curies":[{"name":"wp","href":"https:\/\/api.w.org\/{rel}","templated":true}]}}