{"id":7972,"date":"2026-09-04T12:42:38","date_gmt":"2026-09-04T10:42:38","guid":{"rendered":"https:\/\/afb26.org\/?p=7972"},"modified":"2026-09-04T12:42:38","modified_gmt":"2026-09-04T10:42:38","slug":"bus-de-lorientation","status":"publish","type":"post","link":"https:\/\/afb26.org\/?p=7972","title":{"rendered":"Bus de l&#8217;orientation"},"content":{"rendered":"\n<h2 class=\"wp-block-heading\">Le Bus de l&#8217;orientation bient\u00f4t \u00e0 Nyons<\/h2>\n\n\n\n<div class=\"wp-block-media-text is-stacked-on-mobile\"><figure class=\"wp-block-media-text__media\"><img loading=\"lazy\" decoding=\"async\" width=\"724\" height=\"1024\" src=\"https:\/\/afb26.org\/wp-content\/uploads\/2026\/09\/Bus-de-lorientation-Nyons_page-00011-724x1024.jpg\" alt=\"\" class=\"wp-image-7974 size-full\" srcset=\"https:\/\/afb26.org\/wp-content\/uploads\/2026\/09\/Bus-de-lorientation-Nyons_page-00011-724x1024.jpg 724w, https:\/\/afb26.org\/wp-content\/uploads\/2026\/09\/Bus-de-lorientation-Nyons_page-00011-212x300.jpg 212w, https:\/\/afb26.org\/wp-content\/uploads\/2026\/09\/Bus-de-lorientation-Nyons_page-00011-768x1086.jpg 768w, https:\/\/afb26.org\/wp-content\/uploads\/2026\/09\/Bus-de-lorientation-Nyons_page-00011-1086x1536.jpg 1086w, https:\/\/afb26.org\/wp-content\/uploads\/2026\/09\/Bus-de-lorientation-Nyons_page-00011.jpg 1241w\" sizes=\"auto, (max-width: 724px) 100vw, 724px\" \/><\/figure><div class=\"wp-block-media-text__content\">\n<p class=\"has-regular-font-size wp-block-paragraph\"><strong>La Mission Locale Dr\u00f4me Proven\u00e7ale<\/strong> a le plaisir de vous informer de la venue du Bus de l\u2019Orientation \u00e0 <strong>Nyons le mardi 22 septembre 2026.<\/strong><\/p>\n\n\n\n<p class=\"has-regular-font-size wp-block-paragraph\">L\u2019objectif de cette journ\u00e9e est de permettre aux jeunes de d\u00e9couvrir diff\u00e9rents m\u00e9tiers, formations et opportunit\u00e9s d\u2019orientation, et d\u2019\u00e9changer autour de leur projet professionnel.<\/p>\n\n\n\n<p class=\"has-regular-font-size wp-block-paragraph\"><strong>Le Carrefour des Habitants sera pr\u00e9sent pour l\u2019\u00c9cole ETRE et la Communaut\u00e9 des communes pour pr\u00e9senter les diff\u00e9rents services autour de la mobilit\u00e9.<\/strong><\/p>\n\n\n\n<p class=\"has-regular-font-size wp-block-paragraph\"><strong>Lieu&nbsp;: Parking Place de la Lib\u00e9ration<\/strong><\/p>\n\n\n\n<p class=\"has-regular-font-size wp-block-paragraph\"><strong>Horaires&nbsp;: de 9h30 \u00e0 14h30<\/strong><\/p>\n\n\n\n<p class=\"has-regular-font-size wp-block-paragraph\"><strong>Inscription aupr\u00e8s de la Mission Locale Dr\u00f4me Proven\u00e7ale : 04 75 26 17 03.<\/strong><\/p>\n\n\n\n<p class=\"has-regular-font-size wp-block-paragraph\"><\/p>\n<\/div><\/div>\n","protected":false},"excerpt":{"rendered":"<p>Le Bus de l&#8217;orientation bient\u00f4t \u00e0 Nyons La Mission Locale Dr\u00f4me Proven\u00e7ale a le plaisir de vous informer de la venue du Bus de l\u2019Orientation \u00e0 Nyons le mardi 22 septembre 2026. L\u2019objectif de cette journ\u00e9e est de permettre aux jeunes de d\u00e9couvrir diff\u00e9rents m\u00e9tiers, formations et opportunit\u00e9s d\u2019orientation, et d\u2019\u00e9changer autour de leur projet &hellip;<\/p>\n","protected":false},"author":8,"featured_media":7974,"comment_status":"closed","ping_status":"closed","sticky":false,"template":"","format":"standard","meta":{"footnotes":""},"categories":[1],"tags":[],"class_list":["post-7972","post","type-post","status-publish","format-standard","has-post-thumbnail","hentry","category-non-classe"],"_links":{"self":[{"href":"https:\/\/afb26.org\/index.php?rest_route=\/wp\/v2\/posts\/7972","targetHints":{"allow":["GET"]}}],"collection":[{"href":"https:\/\/afb26.org\/index.php?rest_route=\/wp\/v2\/posts"}],"about":[{"href":"https:\/\/afb26.org\/index.php?rest_route=\/wp\/v2\/types\/post"}],"author":[{"embeddable":true,"href":"https:\/\/afb26.org\/index.php?rest_route=\/wp\/v2\/users\/8"}],"replies":[{"embeddable":true,"href":"https:\/\/afb26.org\/index.php?rest_route=%2Fwp%2Fv2%2Fcomments&post=7972"}],"version-history":[{"count":1,"href":"https:\/\/afb26.org\/index.php?rest_route=\/wp\/v2\/posts\/7972\/revisions"}],"predecessor-version":[{"id":7976,"href":"https:\/\/afb26.org\/index.php?rest_route=\/wp\/v2\/posts\/7972\/revisions\/7976"}],"wp:featuredmedia":[{"embeddable":true,"href":"https:\/\/afb26.org\/index.php?rest_route=\/wp\/v2\/media\/7974"}],"wp:attachment":[{"href":"https:\/\/afb26.org\/index.php?rest_route=%2Fwp%2Fv2%2Fmedia&parent=7972"}],"wp:term":[{"taxonomy":"category","embeddable":true,"href":"https:\/\/afb26.org\/index.php?rest_route=%2Fwp%2Fv2%2Fcategories&post=7972"},{"taxonomy":"post_tag","embeddable":true,"href":"https:\/\/afb26.org\/index.php?rest_route=%2Fwp%2Fv2%2Ftags&post=7972"}],"curies":[{"name":"wp","href":"https:\/\/api.w.org\/{rel}","templated":true}]}}